{"id":67131,"date":"2026-09-03T18:02:39","date_gmt":"2026-09-03T18:02:39","guid":{"rendered":"https:\/\/acronoticias.com\/index.php\/2026\/09\/03\/comunicador-luis-veras-cuestiona-gestion-de-ulises-rodriguez-y-afirma-que-en-la-alcaldia-de-santiago-no-se-sabe-quien-manda\/"},"modified":"2026-09-03T18:02:39","modified_gmt":"2026-09-03T18:02:39","slug":"comunicador-luis-veras-cuestiona-gestion-de-ulises-rodriguez-y-afirma-que-en-la-alcaldia-de-santiago-no-se-sabe-quien-manda","status":"publish","type":"post","link":"https:\/\/acronoticias.com\/index.php\/2026\/09\/03\/comunicador-luis-veras-cuestiona-gestion-de-ulises-rodriguez-y-afirma-que-en-la-alcaldia-de-santiago-no-se-sabe-quien-manda\/","title":{"rendered":"Comunicador Luis Veras cuestiona gesti\u00f3n de Ulises Rodr\u00edguez y afirma que en la Alcald\u00eda de Santiago \u201cno se sabe qui\u00e9n manda\u201d"},"content":{"rendered":"<p><img loading=\"lazy\" decoding=\"async\" width=\"355\" height=\"200\" src=\"https:\/\/nuevodiario-assets.s3.us-east-2.amazonaws.com\/wp-content\/uploads\/2026\/09\/WhatsApp-Image-2026-07-27-at-12.18.45-PM-355x200.jpeg\" class=\"webfeedsFeaturedVisual wp-post-image\" alt=\"\" style=\"display: block;margin-bottom: 5px;clear:both;max-width: 100%\" \/><\/p>\n<p><strong>EL NUEVO DIARIO,SANTIAGO.-<\/strong>El comunicador Luis Veras cuestion\u00f3 la gesti\u00f3n del alcalde de Santiago, Ulises Rodr\u00edguez, al se\u00f1alar que, hasta el momento, la administraci\u00f3n municipal no ha logrado exhibir obras o iniciativas de gran significancia para la ciudad.<\/p>\n<p>Veras afirm\u00f3 que existe incertidumbre sobre qui\u00e9n realmente dirige las acciones dentro de la Alcald\u00eda de Santiago, al sostener que, mientras el alcalde dispone una determinada l\u00ednea de trabajo, posteriormente las decisiones parecen tomar otro rumbo. \u201cNo se sabe qui\u00e9n realmente manda, no se sabe qui\u00e9n realmente maneja o dicta las directrices\u201d, expres\u00f3.<\/p>\n<p>El comunicador tambi\u00e9n hizo referencia a situaciones que, seg\u00fan dijo, han generado cuestionamientos en el \u00e1mbito financiero, incluyendo asuntos relacionados con la cooperativa de la Alcald\u00eda y retrasos en el pago de empleados v\u00eda n\u00f3mina.<\/p>\n<p>Asimismo, critic\u00f3 lo que calific\u00f3 como un exceso de \u201cfigureo\u201d, reconocimientos y discursos, asegurando que una gesti\u00f3n municipal debe demostrar resultados concretos. \u201cAlcalde Ulises Rodr\u00edguez, no es figureando que se logra la gesti\u00f3n\u201d, manifest\u00f3 Veras, quien consider\u00f3 que Santiago necesita acciones y obras que tengan un impacto real en la ciudad.<\/p>\n<p>La entrada <a href=\"https:\/\/elnuevodiario.com.do\/comunicador-luis-veras-cuestiona-gestion-de-ulises-rodriguez-y-afirma-que-en-la-alcaldia-de-santiago-no-se-sabe-quien-manda\/\">Comunicador Luis Veras cuestiona gesti\u00f3n de Ulises Rodr\u00edguez y afirma que en la Alcald\u00eda de Santiago \u201cno se sabe qui\u00e9n manda\u201d<\/a> se public\u00f3 primero en <a href=\"https:\/\/elnuevodiario.com.do\">El Nuevo Diario (Rep\u00fablica Dominicana)<\/a>.<\/p>\n","protected":false},"excerpt":{"rendered":"EL NUEVO DIARIO,SANTIAGO.-El comunicador Luis Veras cuestion\u00f3 la gesti\u00f3n del alcalde de&hellip;\n","protected":false},"author":1,"featured_media":67132,"comment_status":"open","ping_status":"open","sticky":false,"template":"","format":"standard","meta":{"footnotes":""},"categories":[1],"tags":[],"class_list":["post-67131","post","type-post","status-publish","format-standard","has-post-thumbnail","category-nacionales"],"_links":{"self":[{"href":"https:\/\/acronoticias.com\/index.php\/wp-json\/wp\/v2\/posts\/67131","targetHints":{"allow":["GET"]}}],"collection":[{"href":"https:\/\/acronoticias.com\/index.php\/wp-json\/wp\/v2\/posts"}],"about":[{"href":"https:\/\/acronoticias.com\/index.php\/wp-json\/wp\/v2\/types\/post"}],"author":[{"embeddable":true,"href":"https:\/\/acronoticias.com\/index.php\/wp-json\/wp\/v2\/users\/1"}],"replies":[{"embeddable":true,"href":"https:\/\/acronoticias.com\/index.php\/wp-json\/wp\/v2\/comments?post=67131"}],"version-history":[{"count":0,"href":"https:\/\/acronoticias.com\/index.php\/wp-json\/wp\/v2\/posts\/67131\/revisions"}],"wp:featuredmedia":[{"embeddable":true,"href":"https:\/\/acronoticias.com\/index.php\/wp-json\/wp\/v2\/media\/67132"}],"wp:attachment":[{"href":"https:\/\/acronoticias.com\/index.php\/wp-json\/wp\/v2\/media?parent=67131"}],"wp:term":[{"taxonomy":"category","embeddable":true,"href":"https:\/\/acronoticias.com\/index.php\/wp-json\/wp\/v2\/categories?post=67131"},{"taxonomy":"post_tag","embeddable":true,"href":"https:\/\/acronoticias.com\/index.php\/wp-json\/wp\/v2\/tags?post=67131"}],"curies":[{"name":"wp","href":"https:\/\/api.w.org\/{rel}","templated":true}]}}