{"id":67127,"date":"2026-09-03T17:30:49","date_gmt":"2026-09-03T17:30:49","guid":{"rendered":"https:\/\/acronoticias.com\/index.php\/2026\/09\/03\/superate-trabaja-en-ampliacion-de-servicios-de-cuidados-en-siete-provincias\/"},"modified":"2026-09-03T17:30:49","modified_gmt":"2026-09-03T17:30:49","slug":"superate-trabaja-en-ampliacion-de-servicios-de-cuidados-en-siete-provincias","status":"publish","type":"post","link":"https:\/\/acronoticias.com\/index.php\/2026\/09\/03\/superate-trabaja-en-ampliacion-de-servicios-de-cuidados-en-siete-provincias\/","title":{"rendered":"Sup\u00e9rate trabaja en ampliaci\u00f3n de servicios de cuidados en siete provincias"},"content":{"rendered":"<p><img decoding=\"async\" width=\"355\" height=\"200\" src=\"https:\/\/nuevodiario-assets.s3.us-east-2.amazonaws.com\/wp-content\/uploads\/2026\/09\/Mesa-local-en-Santo-Domingo-Este-355x200.jpeg\" class=\"webfeedsFeaturedVisual wp-post-image\" alt=\"\" style=\"display: block;margin-bottom: 5px;clear:both;max-width: 100%\" loading=\"lazy\" \/><\/p>\n<p>EL NUEVO DIARIO, SANTO DOMINGO.- La Direcci\u00f3n de Desarrollo Social de Sup\u00e9rate inform\u00f3 este jueves que trabaja en la ampliaci\u00f3n de los servicios de cuidados para las provincias de San Crist\u00f3bal, San Pedro de Macor\u00eds, La Altagracia, Monse\u00f1or Nouel, Pedernales, Dajab\u00f3n y el municipio de Santo Domingo Norte.<\/p>\n<p>La entidad explic\u00f3 mediante una nota informativa que en estos territorios, los datos reflejan que la poblaci\u00f3n envejeciente en situaci\u00f3n de vulnerabilidad y dependencia moderada y severa es de aproximadamente 4,970 personas; asimismo ante los cambios sociodemogr\u00e1ficos y las tendencias de envejecimiento de la poblaci\u00f3n, es una alta prioridad para las pol\u00edticas p\u00fablicas seguir ofreciendo respuestas integrales y oportunas que garanticen la protecci\u00f3n social y el bienestar de las personas, para lo cual los servicios de cuidados son fundamentales.<\/p>\n<p>Durante este proceso de expansi\u00f3n se han desarrollado jornadas de coordinaci\u00f3n interinstitucional, capacitaciones y sensibilizaciones, identificaci\u00f3n de potenciales personas cuidadoras y levantamiento de datos sobre los niveles de dependencia en los hogares. De esta forma, se han establecido los Comit\u00e9s Territoriales para el desarrollo de los servicios de cuidados.<\/p>\n<figure id=\"attachment_3263829\" aria-describedby=\"caption-attachment-3263829\" style=\"width: 1600px\" class=\"wp-caption alignnone\"><img loading=\"lazy\" decoding=\"async\" data-recalc-dims=\"1\" class=\"size-full wp-image-3263829\" src=\"https:\/\/i0.wp.com\/nuevodiario-assets.s3.us-east-2.amazonaws.com\/wp-content\/uploads\/2026\/09\/Mesa-local-en-Monsenor-Nouel.jpeg?resize=640%2C288&quality=100&ssl=1\" alt=\"\" width=\"640\" height=\"288\" \/><figcaption id=\"caption-attachment-3263829\" class=\"wp-caption-text\"><em><strong>Mesa local en Monse\u00f1or Nouel. (Foto: Comunicaciones Sup\u00e9rate)<\/strong><\/em><\/figcaption><\/figure>\n<p>Los servicios de cuidados en la presente gesti\u00f3n de Gobierno responden a las necesidades que se han identificado en los territorios, para atender a las personas adultas mayores, personas con discapacidad y la primera infancia en situaci\u00f3n de dependencia y vulnerabilidad.<\/p>\n<p>La primera etapa de esta pol\u00edtica inici\u00f3 en Azua y Santo Domingo Este, donde ya se cuenta con personas contratadas para el servicio domiciliario para envejecientes. Actualmente Sup\u00e9rate dio otro paso trascendental al contratar a madres y familiares de ni\u00f1as, ni\u00f1os y adolescentes con discapacidad severa, para que sean sus cuidadoras, reconociendo de esta manera la importante labor de las familias, en especial las madres, en el cuidado de sus hijos e hijas con discapacidad. Cabe destacar que estas cuidadoras pasaron por un amplio proceso de formaci\u00f3n para adquirir nuevas herramientas y destrezas que les permitan desarrollar sus labores de cuidados de manera profesionalizada.<\/p>\n<figure id=\"attachment_3263828\" aria-describedby=\"caption-attachment-3263828\" style=\"width: 1600px\" class=\"wp-caption alignnone\"><img loading=\"lazy\" decoding=\"async\" data-recalc-dims=\"1\" class=\"size-full wp-image-3263828\" src=\"https:\/\/i0.wp.com\/nuevodiario-assets.s3.us-east-2.amazonaws.com\/wp-content\/uploads\/2026\/09\/Mesa-local-en-San-Pedro-de-Macoris.jpeg?resize=640%2C360&quality=100&ssl=1\" alt=\"\" width=\"640\" height=\"360\" \/><figcaption id=\"caption-attachment-3263828\" class=\"wp-caption-text\"><em><strong>Mesa local en San Pedro de Macor\u00eds. (Foto: Comunicaciones Sup\u00e9rate)<\/strong><\/em><\/figcaption><\/figure>\n<p>Recientemente fueron contratadas 100 personas cuidadoras, para un total de 243, a las cuales se sumar\u00e1n en los pr\u00f3ximos meses alrededor de 450 personas cuidadoras m\u00e1s, que ofrecer\u00e1n entre 3 y 6 horas de servicios en diferentes hogares.<\/p>\n<p>Con la expansi\u00f3n a los territorios mencionados, Sup\u00e9rate da otro paso de avance en el fortalecimiento de una pol\u00edtica p\u00fablica tan necesaria, humana y justa; que reconoce el derecho de todas las personas a recibir cuidados de calidad y en condiciones de dignidad en las diferentes etapas de la vida; as\u00ed como el derecho de las personas trabajadoras de los cuidados a realizar estas labores con el reconocimiento social y econ\u00f3mico justo. Acciones que desde este gobierno se construyen en consonancia con la visi\u00f3n de desarrollo social y econ\u00f3mico del pa\u00eds.<\/p>\n<p>Para la directora general de Sup\u00e9rate, Mayra Jim\u00e9nez, el establecimiento de un Sistema Nacional de Cuidados, ser\u00e1 uno de los principales legados de esta gesti\u00f3n de Gobierno que encabeza el presidente de la Rep\u00fablica, Luis Abinader, ya que los servicios de cuidados se visibilizan como parte del piso de protecci\u00f3n social del pa\u00eds desde el enfoque del derecho de las personas que necesitan recibir cuidados del Estado y del derecho de las personas cuidadoras a que se les reconozca su labor y se les retribuya, desde una perspectiva de trabajo decente.<\/p>\n<figure id=\"attachment_3263827\" aria-describedby=\"caption-attachment-3263827\" style=\"width: 1280px\" class=\"wp-caption alignnone\"><img decoding=\"async\" data-recalc-dims=\"1\" loading=\"lazy\" class=\"size-full wp-image-3263827\" src=\"https:\/\/i0.wp.com\/nuevodiario-assets.s3.us-east-2.amazonaws.com\/wp-content\/uploads\/2026\/09\/Mesa-local-en-Pedernales.jpeg?resize=640%2C480&quality=100&ssl=1\" alt=\"\" width=\"640\" height=\"480\" \/><figcaption id=\"caption-attachment-3263827\" class=\"wp-caption-text\"><em><strong>Mesa local en Pedernales. (Foto: Comunicaciones Sup\u00e9rate)<\/strong><\/em><\/figcaption><\/figure>\n<p>Desde Sup\u00e9rate se espera que las iniciativas legislativas que cursan en el Congreso Nacional den respuesta en t\u00e9rminos normativos a las necesidades de las personas con dependencia de cuidados y a las expectativas de una sociedad que ha entendido lo que representa en t\u00e9rminos humanos el trabajo de cuidados, pues se trata de dignificar la vida de quienes en sus diferentes etapas han contribuido a lo que es hoy la Rep\u00fablica Dominicana.<\/p>\n<p>La entrada <a href=\"https:\/\/elnuevodiario.com.do\/superate-trabaja-en-ampliacion-de-servicios-de-cuidados-en-siete-provincias\/\">Sup\u00e9rate trabaja en ampliaci\u00f3n de servicios de cuidados en siete provincias<\/a> se public\u00f3 primero en <a href=\"https:\/\/elnuevodiario.com.do\">El Nuevo Diario (Rep\u00fablica Dominicana)<\/a>.<\/p>\n","protected":false},"excerpt":{"rendered":"EL NUEVO DIARIO, SANTO DOMINGO.- La Direcci\u00f3n de Desarrollo Social de Sup\u00e9rate&hellip;\n","protected":false},"author":1,"featured_media":67128,"comment_status":"open","ping_status":"open","sticky":false,"template":"","format":"standard","meta":{"footnotes":""},"categories":[1],"tags":[],"class_list":["post-67127","post","type-post","status-publish","format-standard","has-post-thumbnail","category-nacionales"],"_links":{"self":[{"href":"https:\/\/acronoticias.com\/index.php\/wp-json\/wp\/v2\/posts\/67127","targetHints":{"allow":["GET"]}}],"collection":[{"href":"https:\/\/acronoticias.com\/index.php\/wp-json\/wp\/v2\/posts"}],"about":[{"href":"https:\/\/acronoticias.com\/index.php\/wp-json\/wp\/v2\/types\/post"}],"author":[{"embeddable":true,"href":"https:\/\/acronoticias.com\/index.php\/wp-json\/wp\/v2\/users\/1"}],"replies":[{"embeddable":true,"href":"https:\/\/acronoticias.com\/index.php\/wp-json\/wp\/v2\/comments?post=67127"}],"version-history":[{"count":0,"href":"https:\/\/acronoticias.com\/index.php\/wp-json\/wp\/v2\/posts\/67127\/revisions"}],"wp:featuredmedia":[{"embeddable":true,"href":"https:\/\/acronoticias.com\/index.php\/wp-json\/wp\/v2\/media\/67128"}],"wp:attachment":[{"href":"https:\/\/acronoticias.com\/index.php\/wp-json\/wp\/v2\/media?parent=67127"}],"wp:term":[{"taxonomy":"category","embeddable":true,"href":"https:\/\/acronoticias.com\/index.php\/wp-json\/wp\/v2\/categories?post=67127"},{"taxonomy":"post_tag","embeddable":true,"href":"https:\/\/acronoticias.com\/index.php\/wp-json\/wp\/v2\/tags?post=67127"}],"curies":[{"name":"wp","href":"https:\/\/api.w.org\/{rel}","templated":true}]}}