{"id":67121,"date":"2026-09-03T17:09:37","date_gmt":"2026-09-03T17:09:37","guid":{"rendered":"https:\/\/acronoticias.com\/index.php\/2026\/09\/03\/caso-fundacion-de-haina-de-que-acusa-el-ministerio-publico-a-los-imputados\/"},"modified":"2026-09-03T17:09:37","modified_gmt":"2026-09-03T17:09:37","slug":"caso-fundacion-de-haina-de-que-acusa-el-ministerio-publico-a-los-imputados","status":"publish","type":"post","link":"https:\/\/acronoticias.com\/index.php\/2026\/09\/03\/caso-fundacion-de-haina-de-que-acusa-el-ministerio-publico-a-los-imputados\/","title":{"rendered":"Caso fundaci\u00f3n de Haina: \u00bfDe qu\u00e9 acusa el Ministerio P\u00fablico a los imputados?"},"content":{"rendered":"<div>\n<div class=\"c-detail__author full\">\n<div>\n<div class=\"c-detail__author__thumb\">\n<figure>\n                                <picture src=\"https:\/\/imagenes.hoy.com.do\/files\/image_square_xs\/uploads\/2026\/02\/24\/699de099400a0.jpeg\" data-size=\"w:40,h:40\">\n                                    <img decoding=\"async\" loading=\"lazy\" alt=\"Ninoska Cuevas\" width=\"40\" height=\"40\" src=\"https:\/\/imagenes.hoy.com.do\/files\/image_square_xs\/uploads\/2026\/02\/24\/699de099400a0.jpeg\"\/>\n                                <\/picture>\n                                <\/figure>\n<\/div>\n<\/div>\n<\/div>\n<p>                                                                                            <!-- --><\/p>\n<p class=\"paragraph\">El Ministerio P\u00fablico ha otorgado, de manera preliminar, la calificaci\u00f3n jur\u00eddica de trata de personas con fines de explotaci\u00f3n laboral al proceso que se sigue contra \u00c1ngel Gabriel Capell\u00e1n, conocido como \u201cel Pastor o Capell\u00e1n\u201d, e Isa\u00edas Ram\u00f3n Mu\u00f1oz Rodr\u00edguez, acusados de maltratar f\u00edsica y psicol\u00f3gicamente a varios ni\u00f1os, as\u00ed como de someterlos a trabajos forzosos en un local donde operaba la Fundaci\u00f3n Restaurando Vida (Un Muerto que Revive), ubicada en el municipio de Bajos de Haina, provincia San Crist\u00f3bal.<\/p>\n<p class=\"paragraph\">\u201cEn este momento, la calificaci\u00f3n jur\u00eddica que le hemos dado al proceso es trato de persona con fines de explotaci\u00f3n laboral y los presupuestos que hacemos valer en dicha solicitud est\u00e1n todos depositados y ser\u00e1n ventilados en la audiencia al momento correspondiente\u201d, comunic\u00f3 este jueves la fiscal Fanny Garavitos.<\/p>\n<p class=\"paragraph\">Se\u00f1al\u00f3 que el \u00f3rgano acusador a\u00fan est\u00e1 en la etapa de investigaci\u00f3n y que, una vez se ampl\u00ede m\u00e1s, la poblaci\u00f3n podr\u00e1 tener acceso a todos los documentos que ellos lo conforman.<\/p>\n<p class=\"paragraph\">\u201cLos ni\u00f1os son las v\u00edctimas directas de este proceso y ser\u00e1n representados por relevo. Eso tendremos que ventilarlo en el tribunal a los fines de establecer responsabilidad\u201d, enfatiz\u00f3 la magistrada.<\/p>\n<p class=\"paragraph\">De igual forma, Garavitos inform\u00f3 que la audiencia en la que se ten\u00eda pautado conocer la solicitud de tres meses de prisi\u00f3n preventiva, como medida de coerci\u00f3n contra los procesados, fue aplazada para el d\u00eda 10 del presente mes.<\/p>\n<p class=\"paragraph\">\u201cConjuntamente con los magistrados Rodolfo Reyes y Ana Mercedes Pichardo, miembros del Ministerio P\u00fablico, el d\u00eda de hoy la audiencia en contra de \u00c1ngel Capell\u00e1n, al igual que Isa\u00edas Mu\u00f1oz, fue suspendida para el 10 de septiembre, a los fines de conocer el anticipo de prueba de los menores de edad que fueron rescatados en la Fundaci\u00f3n, al igual que la Defensa solicit\u00f3 para depositar presupuestos a los fines de defensa de sus imputados\u201d, declar\u00f3.<\/p>\n<div class=\"c-detail__box \">\n<article class=\"c-detail__sumario \">\n<figure class=\"c-detail__sumario__thumb\" style=\"display: block;\">\n            <a href=\"#\" title=\"\">\n                <picture data-size=\"w:140,h:140\" loading=\"lazy\" src=\"https:\/\/imagenes.hoy.com.do\/files\/related_image\/uploads\/2026\/09\/03\/6a997883d7a85.jpeg\" data-full-src=\"https:\/\/imagenes.hoy.com.do\/uploads\/2026\/09\/03\/6a997883d7a85.jpeg\">\n                    <img loading=\"lazy\" decoding=\"async\" width=\"140\" height=\"140\" alt=\"\u00c1ngel Gabriel Capell\u00e1n (el Pastor o Capell\u00e1n)\" src=\"https:\/\/imagenes.hoy.com.do\/uploads\/2026\/09\/03\/6a997883d7a85.jpeg\"\/>\n                <\/picture>\n            <\/a><br \/>\n        <\/figure>\n<\/article>\n<\/div>\n<h2 id=\"acusacion\" class=\"subtitle\">Acusaci\u00f3n<br \/><\/h2>\n<p class=\"paragraph\">Seg\u00fan el expediente acusatorio, en el marco de una operaci\u00f3n ejecutada la noche del 29 al 30 de agosto de 2026, el Ministerio P\u00fablico, conjuntamente con otros \u00f3rganos, rescat\u00f3 a 13 ni\u00f1os, ni\u00f1as y adolescentes con edades comprendidas entre los cuatro (4) meses y los trece (13) a\u00f1os, que se encontraban en la Fundaci\u00f3n Restaurando Vida (Un Muerto que Revive).<\/p>\n<p class=\"paragraph\">\u201cLas v\u00edctimas presentaban signos evidentes de maltrato f\u00edsico y psicol\u00f3gico. El centro de operaciones intervenido operaba bajo la fachada de una fundaci\u00f3n y un espacio religioso, ubicado en el interior de una finca\u201d, afirm\u00f3 el Ministerio P\u00fablico.<\/p>\n<p class=\"paragraph\">Se\u00f1ala que el operativo se desencaden\u00f3 a partir de la fuga de uno de los menores retenidos en el lugar, que se present\u00f3 a un destacamento policial, alertando a las autoridades sobre las condiciones de maltrato a las que eran sometidos los ni\u00f1os, ni\u00f1as y adolescentes alojados all\u00ed.<\/p>\n<p class=\"paragraph\">\u201cA la v\u00edctima que hizo la denuncia le fue realizada una evaluaci\u00f3n por una m\u00e9dico legista, quien concluy\u00f3 que presentaba m\u00faltiples lesiones en toda la extensi\u00f3n de la piel (rostro, miembros superiores e inferiores, dorso y espalda), as\u00ed como quemaduras de segundo grado en el dorso de ambas manos, en v\u00edas de cicatrizaci\u00f3n\u201d, indica el documento.<\/p>\n<p class=\"paragraph\">A\u00f1ade que, adem\u00e1s, le fue realizada una evaluaci\u00f3n por una psic\u00f3loga forense, perito habilitado para dicha intervenci\u00f3n, estableci\u00e9ndose que no asist\u00eda a la escuela y que era obligado a realizar labores con madera destinadas a la construcci\u00f3n de una vivienda. Asimismo, se determin\u00f3 que era sometido de manera constante a maltratos f\u00edsicos y castigos.<\/p>\n<p class=\"paragraph\">En el registro de las viviendas con autorizaci\u00f3n judicial se identificaron pertenencias vinculadas a menores de edad de ambos sexos y diversas edades, atuendos de vestir, cuadernos, uniformes, mochilas, juguetes, reconocimientos y recuerdos escolares, adem\u00e1s de actas de nacimiento y documentos personales de individuos ajenos al lugar, as\u00ed como armas blancas.<\/p>\n<div class=\"c-detail__box \">\n<article class=\"c-detail__sumario \">\n<figure class=\"c-detail__sumario__thumb\" style=\"display: block;\">\n            <a href=\"#\" title=\"\">\n                <picture data-size=\"w:140,h:140\" loading=\"lazy\" src=\"https:\/\/imagenes.hoy.com.do\/files\/related_image\/uploads\/2026\/09\/02\/6a988a7f5a67d.jpeg\" data-full-src=\"https:\/\/imagenes.hoy.com.do\/uploads\/2026\/09\/02\/6a988a7f5a67d.jpeg\">\n                    <img loading=\"lazy\" decoding=\"async\" width=\"140\" height=\"140\" alt=\"El presidente habl\u00f3 sobre el caso de la fundaci\u00f3n en Haina.\" src=\"https:\/\/imagenes.hoy.com.do\/uploads\/2026\/09\/02\/6a988a7f5a67d.jpeg\"\/>\n                <\/picture>\n            <\/a><br \/>\n        <\/figure>\n<\/article>\n<\/div><\/div>\n","protected":false},"excerpt":{"rendered":"El Ministerio P\u00fablico ha otorgado, de manera preliminar, la calificaci\u00f3n jur\u00eddica de&hellip;\n","protected":false},"author":1,"featured_media":67122,"comment_status":"open","ping_status":"open","sticky":false,"template":"","format":"standard","meta":{"footnotes":""},"categories":[3],"tags":[],"class_list":["post-67121","post","type-post","status-publish","format-standard","has-post-thumbnail","category-internacionales"],"_links":{"self":[{"href":"https:\/\/acronoticias.com\/index.php\/wp-json\/wp\/v2\/posts\/67121","targetHints":{"allow":["GET"]}}],"collection":[{"href":"https:\/\/acronoticias.com\/index.php\/wp-json\/wp\/v2\/posts"}],"about":[{"href":"https:\/\/acronoticias.com\/index.php\/wp-json\/wp\/v2\/types\/post"}],"author":[{"embeddable":true,"href":"https:\/\/acronoticias.com\/index.php\/wp-json\/wp\/v2\/users\/1"}],"replies":[{"embeddable":true,"href":"https:\/\/acronoticias.com\/index.php\/wp-json\/wp\/v2\/comments?post=67121"}],"version-history":[{"count":0,"href":"https:\/\/acronoticias.com\/index.php\/wp-json\/wp\/v2\/posts\/67121\/revisions"}],"wp:featuredmedia":[{"embeddable":true,"href":"https:\/\/acronoticias.com\/index.php\/wp-json\/wp\/v2\/media\/67122"}],"wp:attachment":[{"href":"https:\/\/acronoticias.com\/index.php\/wp-json\/wp\/v2\/media?parent=67121"}],"wp:term":[{"taxonomy":"category","embeddable":true,"href":"https:\/\/acronoticias.com\/index.php\/wp-json\/wp\/v2\/categories?post=67121"},{"taxonomy":"post_tag","embeddable":true,"href":"https:\/\/acronoticias.com\/index.php\/wp-json\/wp\/v2\/tags?post=67121"}],"curies":[{"name":"wp","href":"https:\/\/api.w.org\/{rel}","templated":true}]}}