{"id":67119,"date":"2026-09-03T16:58:17","date_gmt":"2026-09-03T16:58:17","guid":{"rendered":"https:\/\/acronoticias.com\/index.php\/2026\/09\/03\/santiago-se-prepara-para-simulacro-nacional-de-terremoto-este-martes-8\/"},"modified":"2026-09-03T16:58:17","modified_gmt":"2026-09-03T16:58:17","slug":"santiago-se-prepara-para-simulacro-nacional-de-terremoto-este-martes-8","status":"publish","type":"post","link":"https:\/\/acronoticias.com\/index.php\/2026\/09\/03\/santiago-se-prepara-para-simulacro-nacional-de-terremoto-este-martes-8\/","title":{"rendered":"Santiago se prepara para simulacro nacional de terremoto este martes 8"},"content":{"rendered":"<p><img loading=\"lazy\" decoding=\"async\" width=\"355\" height=\"200\" src=\"https:\/\/nuevodiario-assets.s3.us-east-2.amazonaws.com\/wp-content\/uploads\/2026\/09\/DSC_0321-355x200.jpg\" class=\"webfeedsFeaturedVisual wp-post-image\" alt=\"\" style=\"display: block;margin-bottom: 5px;clear:both;max-width: 100%\" \/><\/p>\n<p><strong>EL NUEVO DIARIO, SANTIAGO. \u2013<\/strong> El director de la Defensa Civil en Santiago, Francisco Arias, exhort\u00f3 a la poblaci\u00f3n a participar activamente en el simulacro nacional de prevenci\u00f3n de terremotos que se realizar\u00e1 el pr\u00f3ximo martes 8 de septiembre a las 10:00 de la ma\u00f1ana, con la participaci\u00f3n de instituciones p\u00fablicas y privadas, centros educativos, empresas y familias de todo el pa\u00eds.<\/p>\n<p>Arias explic\u00f3 que la jornada tiene como prop\u00f3sito preparar a la ciudadan\u00eda sobre c\u00f3mo actuar antes, durante y despu\u00e9s de un movimiento tel\u00farico, como parte de las acciones de prevenci\u00f3n que se desarrollan anualmente en la Rep\u00fablica Dominicana.<\/p>\n<p>El funcionario inform\u00f3 que el ejercicio es coordinado por el Centro de Operaciones de Emergencias (COE), bajo la direcci\u00f3n nacional de Edwin Olivares, y llam\u00f3 a los ciudadanos a sumarse a la iniciativa mediante el registro disponible en los diferentes medios de comunicaci\u00f3n y plataformas sociales.<\/p>\n<p>\u201cEsto no es m\u00e1s que una medida de prevenci\u00f3n para que el pueblo aprenda c\u00f3mo actuar en caso de un terremoto\u201d, se\u00f1al\u00f3 Arias, al destacar la importancia de que la poblaci\u00f3n conozca los protocolos de respuesta ante una eventual emergencia.<\/p>\n<p>El director de la Defensa Civil en Santiago tambi\u00e9n pidi\u00f3 a la ciudadan\u00eda mantener la calma ante los sonidos y se\u00f1ales que se escuchar\u00e1n a partir de las 10:00 de la ma\u00f1ana del martes, ya que forman parte del desarrollo del simulacro.<\/p>\n<p>Arias precis\u00f3 que durante el ejercicio participar\u00e1n instituciones gubernamentales, entidades privadas, colegios, empresas y otros sectores de la sociedad, con el objetivo de fortalecer la cultura de prevenci\u00f3n y reducir los riesgos ante posibles eventos s\u00edsmicos.<\/p>\n<p>Las autoridades instaron a las familias dominicanas a integrarse al simulacro y aprovechar la jornada para practicar las medidas de seguridad que deben seguirse en caso de un terremoto.<\/p>\n<p>https:\/\/survey123.arcgis.com\/share\/fd4cba79c756477eac283633f525bcf2<\/p>\n<div style=\"width: 640px\" class=\"wp-video\"><video class=\"wp-video-shortcode\" id=\"video-3263380-1\" width=\"640\" height=\"360\" preload=\"metadata\" controls=\"controls\"><a href=\"https:\/\/nuevodiario-assets.s3.us-east-2.amazonaws.com\/wp-content\/uploads\/2026\/09\/WhatsApp-Video-2026-09-03-at-11.45.20-AM.mp4\">https:\/\/nuevodiario-assets.s3.us-east-2.amazonaws.com\/wp-content\/uploads\/2026\/09\/WhatsApp-Video-2026-09-03-at-11.45.20-AM.mp4<\/a><\/video><\/div>\n<p>La entrada <a href=\"https:\/\/elnuevodiario.com.do\/santiago-se-prepara-para-simulacro-nacional-de-terremoto-este-martes-8\/\">Santiago se prepara para simulacro nacional de terremoto este martes 8<\/a> se public\u00f3 primero en <a href=\"https:\/\/elnuevodiario.com.do\">El Nuevo Diario (Rep\u00fablica Dominicana)<\/a>.<\/p>\n","protected":false},"excerpt":{"rendered":"EL NUEVO DIARIO, SANTIAGO. \u2013 El director de la Defensa Civil en&hellip;\n","protected":false},"author":1,"featured_media":67120,"comment_status":"open","ping_status":"open","sticky":false,"template":"","format":"standard","meta":{"footnotes":""},"categories":[1],"tags":[],"class_list":["post-67119","post","type-post","status-publish","format-standard","has-post-thumbnail","category-nacionales"],"_links":{"self":[{"href":"https:\/\/acronoticias.com\/index.php\/wp-json\/wp\/v2\/posts\/67119","targetHints":{"allow":["GET"]}}],"collection":[{"href":"https:\/\/acronoticias.com\/index.php\/wp-json\/wp\/v2\/posts"}],"about":[{"href":"https:\/\/acronoticias.com\/index.php\/wp-json\/wp\/v2\/types\/post"}],"author":[{"embeddable":true,"href":"https:\/\/acronoticias.com\/index.php\/wp-json\/wp\/v2\/users\/1"}],"replies":[{"embeddable":true,"href":"https:\/\/acronoticias.com\/index.php\/wp-json\/wp\/v2\/comments?post=67119"}],"version-history":[{"count":0,"href":"https:\/\/acronoticias.com\/index.php\/wp-json\/wp\/v2\/posts\/67119\/revisions"}],"wp:featuredmedia":[{"embeddable":true,"href":"https:\/\/acronoticias.com\/index.php\/wp-json\/wp\/v2\/media\/67120"}],"wp:attachment":[{"href":"https:\/\/acronoticias.com\/index.php\/wp-json\/wp\/v2\/media?parent=67119"}],"wp:term":[{"taxonomy":"category","embeddable":true,"href":"https:\/\/acronoticias.com\/index.php\/wp-json\/wp\/v2\/categories?post=67119"},{"taxonomy":"post_tag","embeddable":true,"href":"https:\/\/acronoticias.com\/index.php\/wp-json\/wp\/v2\/tags?post=67119"}],"curies":[{"name":"wp","href":"https:\/\/api.w.org\/{rel}","templated":true}]}}