{"id":67106,"date":"2026-09-03T15:37:42","date_gmt":"2026-09-03T15:37:42","guid":{"rendered":"https:\/\/acronoticias.com\/index.php\/2026\/09\/03\/camara-de-cuentas-avanza-en-la-formulacion-de-su-plan-estrategico-institucional\/"},"modified":"2026-09-03T15:37:42","modified_gmt":"2026-09-03T15:37:42","slug":"camara-de-cuentas-avanza-en-la-formulacion-de-su-plan-estrategico-institucional","status":"publish","type":"post","link":"https:\/\/acronoticias.com\/index.php\/2026\/09\/03\/camara-de-cuentas-avanza-en-la-formulacion-de-su-plan-estrategico-institucional\/","title":{"rendered":"C\u00e1mara de Cuentas avanza en la formulaci\u00f3n de su Plan Estrat\u00e9gico Institucional"},"content":{"rendered":"<p><img loading=\"lazy\" decoding=\"async\" width=\"355\" height=\"200\" src=\"https:\/\/nuevodiario-assets.s3.us-east-2.amazonaws.com\/wp-content\/uploads\/2026\/09\/Camara-de-Cuentas-avanza-en-la-formulacion-de-su-Plan-Estrategico-Institucional-355x200.jpeg\" class=\"webfeedsFeaturedVisual wp-post-image\" alt=\"\" style=\"display: block;margin-bottom: 5px;clear:both;max-width: 100%\" \/><\/p>\n<p>EL NUEVO DIARIO, SANTO DOMINGO. \u2014 La C\u00e1mara de Cuentas de la Rep\u00fablica Dominicana (CCRD), presidida por la doctora Emma Polanco Melo, avanza en la formulaci\u00f3n de su Plan Estrat\u00e9gico Institucional (PEI) 2026-2029, en el marco de una agenda de modernizaci\u00f3n y transformaci\u00f3n digital orientada a fortalecer la gesti\u00f3n, la planificaci\u00f3n y los mecanismos de control y fiscalizaci\u00f3n.<\/p>\n<p>Los avances del PEI fueron presentados durante la Cuadrag\u00e9sima S\u00e9ptima Sesi\u00f3n Ordinaria de la Mesa de Control, como parte de un proceso de socializaci\u00f3n, consulta e intercambio con representantes de \u00f3rganos rectores y entidades vinculadas al sistema de control p\u00fablico, con el prop\u00f3sito de enriquecer y consensuar las l\u00edneas estrat\u00e9gicas que orientar\u00e1n el desarrollo de la instituci\u00f3n durante los pr\u00f3ximos a\u00f1os.<\/p>\n<p>Durante el encuentro, el consultor internacional Nelson Shack expuso los avances en la elaboraci\u00f3n del PEI 2026-2029 y abord\u00f3 la relevancia de la implementaci\u00f3n del Sistema de Gesti\u00f3n de Control y Fiscalizaci\u00f3n (SIGECOF), as\u00ed como de los compromisos de interoperabilidad entre las instituciones que integran el sistema.<\/p>\n<p><img loading=\"lazy\" decoding=\"async\" data-recalc-dims=\"1\" class=\"alignnone wp-image-3263532 size-full\" src=\"https:\/\/i0.wp.com\/nuevodiario-assets.s3.us-east-2.amazonaws.com\/wp-content\/uploads\/2026\/09\/CCRD.jpeg?resize=640%2C427&quality=100&ssl=1\" alt=\"\" width=\"640\" height=\"427\" \/><\/p>\n<p>\u201cEste Plan Estrat\u00e9gico Institucional representa una oportunidad para consolidar una gesti\u00f3n moderna, digital, orientada a resultados y alineada con las mejores pr\u00e1cticas internacionales en materia de control y fiscalizaci\u00f3n. Su formulaci\u00f3n permite proyectar a la C\u00e1mara de Cuentas hacia est\u00e1ndares cada vez m\u00e1s elevados de eficiencia, transparencia y fortalecimiento institucional, en consonancia con los desaf\u00edos que enfrentan hoy las entidades fiscalizadoras superiores de la regi\u00f3n y del mundo\u201d, expres\u00f3 Shack.<\/p>\n<p>La formulaci\u00f3n del nuevo PEI, que cuenta con el apoyo t\u00e9cnico de la IDI (Iniciativa de Desarrollo de la Organizaci\u00f3n Internacional de Entidades de Fiscalizaci\u00f3n Superior), se inscribe en el proceso de modernizaci\u00f3n y transformaci\u00f3n impulsado por el Pleno que encabeza la presidenta de la C\u00e1mara de Cuentas, doctora Emma Polanco Melo. Este proceso busca fortalecer las capacidades de la instituci\u00f3n, optimizar sus mecanismos de gesti\u00f3n y avanzar hacia un modelo de fiscalizaci\u00f3n m\u00e1s eficiente, articulado y orientado a resultados.<\/p>\n<p>Durante la sesi\u00f3n de la Mesa de Control se habilit\u00f3, adem\u00e1s, un espacio de participaci\u00f3n y di\u00e1logo en el que representantes de las instituciones y organismos presentes formularon propuestas, observaciones y recomendaciones dirigidas a enriquecer el PEI 2026-2029 y fortalecer los mecanismos de coordinaci\u00f3n e interoperabilidad del Sistema Nacional de Control y Fiscalizaci\u00f3n.<\/p>\n<p>La actividad estuvo encabezada por el vicepresidente de la C\u00e1mara de Cuentas, licenciado Francisco Tam\u00e1rez Florentino, junto con los miembros del Pleno Francisco Franco, Ram\u00f3n M\u00e9ndez Acosta y Griselda G\u00f3mez Santana.<\/p>\n<p>La miembro del Pleno Griselda G\u00f3mez Santana destac\u00f3 que la implementaci\u00f3n del SIGECOF contribuir\u00e1 a una mayor articulaci\u00f3n entre las instituciones que integran el sistema de control, facilitar\u00e1 el intercambio oportuno de informaci\u00f3n y permitir\u00e1 avanzar hacia una fiscalizaci\u00f3n m\u00e1s eficiente y coordinada.<br \/>\n\u201cEste esfuerzo responde a la visi\u00f3n de transformaci\u00f3n institucional que impulsa nuestra presidenta, la doctora<\/p>\n<p>Emma Polanco Melo, orientada a modernizar la C\u00e1mara de Cuentas y fortalecer su capacidad de respuesta frente a las nuevas exigencias de la gesti\u00f3n p\u00fablica\u201d, afirm\u00f3 G\u00f3mez Santana.<br \/>\nEl encuentro se llev\u00f3 a cabo en el Sal\u00f3n Pedro Miguel Caratini, de la sede institucional, y fue coordinado por la responsable del Sistema Nacional de Control y Fiscalizaci\u00f3n y de la Mesa de Control, licenciada Gaudy Crisp\u00edn.<\/p>\n<p>Adem\u00e1s de los miembros del Pleno, participaron directores y encargados de distintas \u00e1reas de la C\u00e1mara de Cuentas, as\u00ed como representantes de las entidades que forman parte de este espacio de coordinaci\u00f3n interinstitucional.<\/p>\n<p>Entre las instituciones participantes figuraron la Direcci\u00f3n General de \u00c9tica e Integridad Gubernamental (DIGEIG); el Centro Nacional de Fomento y Promoci\u00f3n de las Asociaciones sin Fines de Lucro (CASFL); la Liga Municipal Dominicana (LMD); la Direcci\u00f3n General de Contrataciones P\u00fablicas (DGCP); la Direcci\u00f3n General de Contabilidad Gubernamental (DIGECOG); el Ministerio de Hacienda; la C\u00e1mara de Diputados; el Ministerio Administrativo de la Presidencia; la Direcci\u00f3n General de Presupuesto (DIGEPRES); la Contralor\u00eda General de la Rep\u00fablica (CGR); la Federaci\u00f3n Dominicana de Municipios (FEDOMU); la Tesorer\u00eda Nacional, y la Direcci\u00f3n General de Bienes Nacionales.<\/p>\n<p>La C\u00e1mara de Cuentas de la Rep\u00fablica Dominicana es el \u00f3rgano constitucional de control externo de los recursos p\u00fablicos y fiscalizaci\u00f3n de la gesti\u00f3n p\u00fablica. Su labor contribuye al fortalecimiento de la transparencia, la rendici\u00f3n de cuentas, la legalidad y el uso responsable de los recursos del Estado.<\/p>\n<p>La entrada <a href=\"https:\/\/elnuevodiario.com.do\/camara-de-cuentas-avanza-en-la-formulacion-de-su-plan-estrategico-institucional\/\">C\u00e1mara de Cuentas avanza en la formulaci\u00f3n de su Plan Estrat\u00e9gico Institucional<\/a> se public\u00f3 primero en <a href=\"https:\/\/elnuevodiario.com.do\">El Nuevo Diario (Rep\u00fablica Dominicana)<\/a>.<\/p>\n","protected":false},"excerpt":{"rendered":"EL NUEVO DIARIO, SANTO DOMINGO. \u2014 La C\u00e1mara de Cuentas de la&hellip;\n","protected":false},"author":1,"featured_media":67107,"comment_status":"open","ping_status":"open","sticky":false,"template":"","format":"standard","meta":{"footnotes":""},"categories":[1],"tags":[],"class_list":["post-67106","post","type-post","status-publish","format-standard","has-post-thumbnail","category-nacionales"],"_links":{"self":[{"href":"https:\/\/acronoticias.com\/index.php\/wp-json\/wp\/v2\/posts\/67106","targetHints":{"allow":["GET"]}}],"collection":[{"href":"https:\/\/acronoticias.com\/index.php\/wp-json\/wp\/v2\/posts"}],"about":[{"href":"https:\/\/acronoticias.com\/index.php\/wp-json\/wp\/v2\/types\/post"}],"author":[{"embeddable":true,"href":"https:\/\/acronoticias.com\/index.php\/wp-json\/wp\/v2\/users\/1"}],"replies":[{"embeddable":true,"href":"https:\/\/acronoticias.com\/index.php\/wp-json\/wp\/v2\/comments?post=67106"}],"version-history":[{"count":0,"href":"https:\/\/acronoticias.com\/index.php\/wp-json\/wp\/v2\/posts\/67106\/revisions"}],"wp:featuredmedia":[{"embeddable":true,"href":"https:\/\/acronoticias.com\/index.php\/wp-json\/wp\/v2\/media\/67107"}],"wp:attachment":[{"href":"https:\/\/acronoticias.com\/index.php\/wp-json\/wp\/v2\/media?parent=67106"}],"wp:term":[{"taxonomy":"category","embeddable":true,"href":"https:\/\/acronoticias.com\/index.php\/wp-json\/wp\/v2\/categories?post=67106"},{"taxonomy":"post_tag","embeddable":true,"href":"https:\/\/acronoticias.com\/index.php\/wp-json\/wp\/v2\/tags?post=67106"}],"curies":[{"name":"wp","href":"https:\/\/api.w.org\/{rel}","templated":true}]}}