{"id":67104,"date":"2026-09-03T15:21:35","date_gmt":"2026-09-03T15:21:35","guid":{"rendered":"https:\/\/acronoticias.com\/index.php\/2026\/09\/03\/comunicador-pide-atender-deficit-de-aulas-y-deterioro-de-escuelas-en-el-pais\/"},"modified":"2026-09-03T15:21:35","modified_gmt":"2026-09-03T15:21:35","slug":"comunicador-pide-atender-deficit-de-aulas-y-deterioro-de-escuelas-en-el-pais","status":"publish","type":"post","link":"https:\/\/acronoticias.com\/index.php\/2026\/09\/03\/comunicador-pide-atender-deficit-de-aulas-y-deterioro-de-escuelas-en-el-pais\/","title":{"rendered":"Comunicador pide atender d\u00e9ficit de aulas y deterioro de escuelas en el pa\u00eds"},"content":{"rendered":"<p><img decoding=\"async\" width=\"355\" height=\"200\" src=\"https:\/\/nuevodiario-assets.s3.us-east-2.amazonaws.com\/wp-content\/uploads\/2026\/09\/Escuela-de-Guardianon-en-Zambrana-Foto-Luis-Ozuna-6-355x200.jpeg\" class=\"webfeedsFeaturedVisual wp-post-image\" alt=\"\" style=\"display: block;margin-bottom: 5px;clear:both;max-width: 100%\" loading=\"lazy\" \/><\/p>\n<p>EL NUEVO DIARIO, S\u00c1NCHEZ RAM\u00cdREZ.-\u00a0El comunicador Luis Ozuna llam\u00f3 este jueves al presidente Luis Abinader, al Ministerio de Educaci\u00f3n y a los medios de comunicaci\u00f3n a prestar mayor atenci\u00f3n al d\u00e9ficit de aulas y al deterioro de numerosas infraestructuras escolares que, seg\u00fan denunci\u00f3, afectan las condiciones en que reciben docencia miles de estudiantes.<\/p>\n<p>Mediante un video, utiliz\u00f3 como ejemplo la situaci\u00f3n de la escuela de Guardian\u00f3n, en Zambrana, donde los estudiantes reciben clases en aulas de madera construidas con el esfuerzo de la comunidad y el respaldo de autoridades locales.<\/p>\n<p>De acuerdo con el comunicador, estas estructuras presentan un avanzado deterioro y estar\u00edan siendo afectadas por el comej\u00e9n, mientras estudiantes y docentes contin\u00faan desarrollando sus actividades educativas en condiciones que considera inadecuadas.<\/p>\n<p><a href=\"https:\/\/nuevodiario-assets.s3.us-east-2.amazonaws.com\/wp-content\/uploads\/2026\/09\/Luis-Ozuna-Video-Luis-Ozuna.mp4\">Luis Ozuna (Video: Luis Ozuna)<\/a><\/p>\n<p>Ante esta situaci\u00f3n, Ozuna exhort\u00f3 a los medios de comunicaci\u00f3n a visibilizar las necesidades de estas comunidades para que sus reclamos sean escuchados y las autoridades correspondientes puedan intervenir.<\/p>\n<p>\u201cEste tema tambi\u00e9n debe expandirse como p\u00f3lvora\u201d, expres\u00f3 al insistir en la necesidad de que los medios coloquen el d\u00e9ficit de aulas y las condiciones de los planteles escolares en el centro del debate p\u00fablico.<\/p>\n<figure id=\"attachment_3263498\" aria-describedby=\"caption-attachment-3263498\" style=\"width: 720px\" class=\"wp-caption alignnone\"><img loading=\"lazy\" decoding=\"async\" data-recalc-dims=\"1\" class=\"size-full wp-image-3263498\" src=\"https:\/\/i0.wp.com\/nuevodiario-assets.s3.us-east-2.amazonaws.com\/wp-content\/uploads\/2026\/09\/Escuela-de-Guardianon-en-Zambrana-Foto-Luis-Ozuna-5.jpeg?resize=640%2C1422&quality=100&ssl=1\" alt=\"\" width=\"640\" height=\"1422\" \/><figcaption id=\"caption-attachment-3263498\" class=\"wp-caption-text\"><strong>Escuela de Guardian\u00f3n, en Zambrana (Foto: Luis Ozuna)<\/strong><\/figcaption><\/figure>\n<p>El comunicador advirti\u00f3 adem\u00e1s que el crecimiento de la poblaci\u00f3n seguir\u00e1 incrementando la demanda de espacios educativos, por lo que consider\u00f3 necesario que el Estado acelere la construcci\u00f3n de nuevas aulas y la reparaci\u00f3n de los centros que presentan deterioro.<\/p>\n<p>Finalmente, sostuvo que los estudiantes no deben cargar con las consecuencias de las deficiencias en la infraestructura educativa y llam\u00f3 a garantizar que los ni\u00f1os y adolescentes puedan recibir docencia en escuelas dignas, seguras y adecuadas para el aprendizaje.<\/p>\n<p>ADDP\/<\/p>\n<p><a href=\"https:\/\/elnuevodiario.com.do\/comunicador-pide-atender-deficit-de-aulas-y-deterioro-de-escuelas-en-el-pais\/escuela-de-guardianon-en-zambrana-foto-luis-ozuna-1\/\"><img loading=\"lazy\" decoding=\"async\" data-recalc-dims=\"1\" width=\"640\" height=\"1422\" src=\"https:\/\/i0.wp.com\/nuevodiario-assets.s3.us-east-2.amazonaws.com\/wp-content\/uploads\/2026\/09\/Escuela-de-Guardianon-en-Zambrana-Foto-Luis-Ozuna-1.jpeg?resize=640%2C1422&quality=100&ssl=1\" class=\"attachment-full size-full\" alt=\"\" \/><\/a><br \/>\n<a href=\"https:\/\/elnuevodiario.com.do\/comunicador-pide-atender-deficit-de-aulas-y-deterioro-de-escuelas-en-el-pais\/escuela-de-guardianon-en-zambrana-foto-luis-ozuna-2\/\"><img decoding=\"async\" data-recalc-dims=\"1\" loading=\"lazy\" width=\"638\" height=\"1280\" src=\"https:\/\/i0.wp.com\/nuevodiario-assets.s3.us-east-2.amazonaws.com\/wp-content\/uploads\/2026\/09\/Escuela-de-Guardianon-en-Zambrana-Foto-Luis-Ozuna-2.jpeg?resize=638%2C1280&quality=100&ssl=1\" class=\"attachment-full size-full\" alt=\"\" \/><\/a><\/p>\n<p>La entrada <a href=\"https:\/\/elnuevodiario.com.do\/comunicador-pide-atender-deficit-de-aulas-y-deterioro-de-escuelas-en-el-pais\/\">Comunicador pide atender d\u00e9ficit de aulas y deterioro de escuelas en el pa\u00eds<\/a> se public\u00f3 primero en <a href=\"https:\/\/elnuevodiario.com.do\">El Nuevo Diario (Rep\u00fablica Dominicana)<\/a>.<\/p>\n","protected":false},"excerpt":{"rendered":"EL NUEVO DIARIO, S\u00c1NCHEZ RAM\u00cdREZ.-\u00a0El comunicador Luis Ozuna llam\u00f3 este jueves al&hellip;\n","protected":false},"author":1,"featured_media":67105,"comment_status":"open","ping_status":"open","sticky":false,"template":"","format":"standard","meta":{"footnotes":""},"categories":[1],"tags":[],"class_list":["post-67104","post","type-post","status-publish","format-standard","has-post-thumbnail","category-nacionales"],"_links":{"self":[{"href":"https:\/\/acronoticias.com\/index.php\/wp-json\/wp\/v2\/posts\/67104","targetHints":{"allow":["GET"]}}],"collection":[{"href":"https:\/\/acronoticias.com\/index.php\/wp-json\/wp\/v2\/posts"}],"about":[{"href":"https:\/\/acronoticias.com\/index.php\/wp-json\/wp\/v2\/types\/post"}],"author":[{"embeddable":true,"href":"https:\/\/acronoticias.com\/index.php\/wp-json\/wp\/v2\/users\/1"}],"replies":[{"embeddable":true,"href":"https:\/\/acronoticias.com\/index.php\/wp-json\/wp\/v2\/comments?post=67104"}],"version-history":[{"count":0,"href":"https:\/\/acronoticias.com\/index.php\/wp-json\/wp\/v2\/posts\/67104\/revisions"}],"wp:featuredmedia":[{"embeddable":true,"href":"https:\/\/acronoticias.com\/index.php\/wp-json\/wp\/v2\/media\/67105"}],"wp:attachment":[{"href":"https:\/\/acronoticias.com\/index.php\/wp-json\/wp\/v2\/media?parent=67104"}],"wp:term":[{"taxonomy":"category","embeddable":true,"href":"https:\/\/acronoticias.com\/index.php\/wp-json\/wp\/v2\/categories?post=67104"},{"taxonomy":"post_tag","embeddable":true,"href":"https:\/\/acronoticias.com\/index.php\/wp-json\/wp\/v2\/tags?post=67104"}],"curies":[{"name":"wp","href":"https:\/\/api.w.org\/{rel}","templated":true}]}}