{"id":67100,"date":"2026-09-03T15:07:54","date_gmt":"2026-09-03T15:07:54","guid":{"rendered":"https:\/\/acronoticias.com\/index.php\/2026\/09\/03\/tragico-final-para-pescador-desaparecido-en-santiago-asi-fue-hallado\/"},"modified":"2026-09-03T15:07:54","modified_gmt":"2026-09-03T15:07:54","slug":"tragico-final-para-pescador-desaparecido-en-santiago-asi-fue-hallado","status":"publish","type":"post","link":"https:\/\/acronoticias.com\/index.php\/2026\/09\/03\/tragico-final-para-pescador-desaparecido-en-santiago-asi-fue-hallado\/","title":{"rendered":"Tr\u00e1gico final para pescador desaparecido en Santiago: as\u00ed fue hallado"},"content":{"rendered":"<div>\n<div class=\"c-detail__author full\">\n<div>\n<div class=\"c-detail__author__thumb\">\n<figure>\n                                <picture src=\"https:\/\/imagenes.hoy.com.do\/files\/image_square_xs\/uploads\/2025\/11\/10\/6911b3b5d935b.png\" data-size=\"w:40,h:40\">\n                                    <img decoding=\"async\" loading=\"lazy\" alt=\"Hoy .\" width=\"40\" height=\"40\" src=\"https:\/\/imagenes.hoy.com.do\/files\/image_square_xs\/uploads\/2025\/11\/10\/6911b3b5d935b.png\"\/>\n                                <\/picture>\n                                <\/figure>\n<\/div>\n<\/div>\n<\/div>\n<p>                                                                                            <!-- --><\/p>\n<p class=\"paragraph\">Fue recuperado este mi\u00e9rcoles de las aguas del r\u00edo Yaque del Norte, pr\u00f3ximo a la compuerta de La Otra Banda, en Santiago, el cad\u00e1ver de un pescador que hab\u00eda sido reportado como desaparecido por sus familiares desde el pasado domingo.<\/p>\n<p class=\"paragraph\">La v\u00edctima fue identificada como <b>Jos\u00e9 Alcibiades Garc\u00eda Almonte,<\/b> de 65 a\u00f1os, quien, al momento de ser hallado por miembros de la Defensa Civil, portaba la misma vestimenta y los equipos con los que sali\u00f3 de su residencia, ubicada en Pek\u00edn-Cristo Rey.<\/p>\n<p class=\"paragraph\">\u201cEs confirmado que es \u00e9l, porque sali\u00f3 con esa misma ropa, su bultico, su cuchillo y todas sus cosas. <b>Como \u00e9l sali\u00f3 de su casa, asimismo lo hallaron<\/b>\u201d, manifest\u00f3 Eriberto Antonio Paulino, sobrino del fallecido, visiblemente afectado por la p\u00e9rdida.<\/p>\n<div class=\"c-detail__box \">\n<article class=\"c-detail__sumario \">\n<figure class=\"c-detail__sumario__thumb\" style=\"display: block;\">\n            <a href=\"#\" title=\"\">\n                <picture data-size=\"w:140,h:140\" loading=\"lazy\" src=\"https:\/\/imagenes.hoy.com.do\/files\/related_image\/files\/fp\/uploads\/2026\/09\/01\/6a9742e8c764d.r_d.524-445.jpeg\" data-full-src=\"https:\/\/imagenes.hoy.com.do\/uploads\/2026\/09\/01\/6a9742e8c764d.jpeg\">\n                    <img loading=\"lazy\" decoding=\"async\" width=\"140\" height=\"140\" alt=\"Luis Angel Gonz\u00e1lez M\u00e9ndez desapareci\u00f3 el 06 de febrero de 2022\" src=\"https:\/\/imagenes.hoy.com.do\/uploads\/2026\/09\/01\/6a9742e8c764d.jpeg\"\/>\n                <\/picture>\n            <\/a><br \/>\n        <\/figure>\n<\/article>\n<\/div>\n<p class=\"paragraph\">El cad\u00e1ver fue trasladado al Instituto Nacional de Ciencias Forenses (INACIF), donde se le practicar\u00e1 una autopsia para determinar la causa y las circunstancias de su muerte.<\/p>\n<p class=\"paragraph\">Hasta el momento, se desconoce si el cuerpo presentaba signos de violencia, as\u00ed como los detalles de las honras f\u00fanebres.<\/p>\n<div class=\"c-detail__box \">\n<article class=\"c-detail__sumario \">\n<figure class=\"c-detail__sumario__thumb\" style=\"display: block;\">\n            <a href=\"#\" title=\"\">\n                <picture data-size=\"w:140,h:140\" loading=\"lazy\" src=\"https:\/\/imagenes.hoy.com.do\/files\/related_image\/uploads\/2026\/09\/01\/6a97261703277.webp\" data-full-src=\"https:\/\/imagenes.hoy.com.do\/uploads\/2026\/09\/01\/6a97261703277.webp\">\n                    <img loading=\"lazy\" decoding=\"async\" width=\"140\" height=\"140\" alt=\"Dany Antonio Severino Coronado\" src=\"https:\/\/imagenes.hoy.com.do\/uploads\/2026\/09\/01\/6a97261703277.webp\"\/>\n                <\/picture>\n            <\/a><br \/>\n        <\/figure>\n<\/article>\n<\/div><\/div>\n","protected":false},"excerpt":{"rendered":"Fue recuperado este mi\u00e9rcoles de las aguas del r\u00edo Yaque del Norte,&hellip;\n","protected":false},"author":1,"featured_media":67101,"comment_status":"open","ping_status":"open","sticky":false,"template":"","format":"standard","meta":{"footnotes":""},"categories":[3],"tags":[],"class_list":["post-67100","post","type-post","status-publish","format-standard","has-post-thumbnail","category-internacionales"],"_links":{"self":[{"href":"https:\/\/acronoticias.com\/index.php\/wp-json\/wp\/v2\/posts\/67100","targetHints":{"allow":["GET"]}}],"collection":[{"href":"https:\/\/acronoticias.com\/index.php\/wp-json\/wp\/v2\/posts"}],"about":[{"href":"https:\/\/acronoticias.com\/index.php\/wp-json\/wp\/v2\/types\/post"}],"author":[{"embeddable":true,"href":"https:\/\/acronoticias.com\/index.php\/wp-json\/wp\/v2\/users\/1"}],"replies":[{"embeddable":true,"href":"https:\/\/acronoticias.com\/index.php\/wp-json\/wp\/v2\/comments?post=67100"}],"version-history":[{"count":0,"href":"https:\/\/acronoticias.com\/index.php\/wp-json\/wp\/v2\/posts\/67100\/revisions"}],"wp:featuredmedia":[{"embeddable":true,"href":"https:\/\/acronoticias.com\/index.php\/wp-json\/wp\/v2\/media\/67101"}],"wp:attachment":[{"href":"https:\/\/acronoticias.com\/index.php\/wp-json\/wp\/v2\/media?parent=67100"}],"wp:term":[{"taxonomy":"category","embeddable":true,"href":"https:\/\/acronoticias.com\/index.php\/wp-json\/wp\/v2\/categories?post=67100"},{"taxonomy":"post_tag","embeddable":true,"href":"https:\/\/acronoticias.com\/index.php\/wp-json\/wp\/v2\/tags?post=67100"}],"curies":[{"name":"wp","href":"https:\/\/api.w.org\/{rel}","templated":true}]}}