{"id":67098,"date":"2026-09-03T15:05:37","date_gmt":"2026-09-03T15:05:37","guid":{"rendered":"https:\/\/acronoticias.com\/index.php\/2026\/09\/03\/fp-exige-respuestas-por-apagones-alta-facturacion-y-situacion-financiera-de-las-edes-en-la-vega\/"},"modified":"2026-09-03T15:05:37","modified_gmt":"2026-09-03T15:05:37","slug":"fp-exige-respuestas-por-apagones-alta-facturacion-y-situacion-financiera-de-las-edes-en-la-vega","status":"publish","type":"post","link":"https:\/\/acronoticias.com\/index.php\/2026\/09\/03\/fp-exige-respuestas-por-apagones-alta-facturacion-y-situacion-financiera-de-las-edes-en-la-vega\/","title":{"rendered":"FP exige respuestas por apagones, alta facturaci\u00f3n y situaci\u00f3n financiera de las EDEs en La Vega"},"content":{"rendered":"<p><img loading=\"lazy\" decoding=\"async\" width=\"355\" height=\"200\" src=\"https:\/\/nuevodiario-assets.s3.us-east-2.amazonaws.com\/wp-content\/uploads\/2026\/09\/Dirigentes-de-la-FP-en-La-Vega-355x200.jpeg\" class=\"webfeedsFeaturedVisual wp-post-image\" alt=\"\" style=\"display: block;margin-bottom: 5px;clear:both;max-width: 100%\" \/><\/p>\n<p>EL NUEVO DIARIO, LA VEGA.\u2013 Dirigentes de la Fuerza del Pueblo (FP) en La Vega reclamaron este jueves respuestas al Gobierno y a la Empresa Distribuidora de Electricidad del Norte (Edenorte) ante las constantes interrupciones del servicio el\u00e9ctrico, las quejas de usuarios por facturaci\u00f3n elevada y la situaci\u00f3n financiera que atraviesan las empresas distribuidoras de electricidad (EDE).<\/p>\n<p>La organizaci\u00f3n pol\u00edtica sostuvo que los apagones est\u00e1n impactando directamente a familias, comerciantes y peque\u00f1as empresas de distintas comunidades de La Vega, por lo que demand\u00f3 conocer las inversiones que ser\u00e1n ejecutadas para mejorar la calidad y estabilidad del suministro el\u00e9ctrico.<\/p>\n<p>Seg\u00fan datos citados por la FP, atribuidos a documentos de su Secretar\u00eda de Energ\u00eda, el d\u00e9ficit de las empresas distribuidoras habr\u00eda pasado de aproximadamente US$578 millones en 2020 a US$1,525 millones en 2025.<\/p>\n<p>Asimismo, la organizaci\u00f3n se\u00f1ala que entre 2020 y mayo de 2026 el Estado habr\u00eda destinado alrededor de US$8,480 millones, equivalentes a unos RD$500 mil millones, para cubrir d\u00e9ficits de las EDE.<\/p>\n<p><strong>FP cuestiona p\u00e9rdidas y gastos de las distribuidoras<\/strong><\/p>\n<p>El documento tambi\u00e9n cita el Informe de Desempe\u00f1o de las Empresas Distribuidoras de Electricidad correspondiente a mayo de 2026, seg\u00fan el cual las tres EDE registraron p\u00e9rdidas de energ\u00eda de 38.9 %, un balance operacional acumulado negativo de US$448.13 millones y aportes gubernamentales por US$769.45 millones para cubrir el d\u00e9ficit operacional durante los primeros cinco meses del a\u00f1o.<\/p>\n<p>La Fuerza del Pueblo destaca adem\u00e1s que, entre enero y mayo de 2026, las distribuidoras acumularon US$182.2 millones en gastos operativos, mientras las inversiones ejecutadas ascendieron a US$69.9 millones.<\/p>\n<p>Para la organizaci\u00f3n opositora, estas cifras obligan a evaluar no solamente cu\u00e1nto dinero destina el Estado al sistema el\u00e9ctrico, sino cu\u00e1les resultados est\u00e1n recibiendo los ciudadanos a cambio de esos recursos.<\/p>\n<p>Reclaman explicaciones a Edenorte sobre situaci\u00f3n en La Vega<\/p>\n<p>En el caso espec\u00edfico de Edenorte, la FP se\u00f1ala que el informe correspondiente a mayo registra un balance operacional acumulado negativo de US$170.21 millones, inversiones ejecutadas por US$40.47 millones y aportes gubernamentales para cubrir d\u00e9ficit operacional por US$266.83 millones.<\/p>\n<p>La organizaci\u00f3n asegura haber recibido reportes de interrupciones y reclamaciones en comunidades y sectores de La Vega como El Mamey, Yabanal, Las Canas, Rancho Viejo, La Penda, Arenoso, Burende, Los Hornos, Pueblo Viejo, R\u00edo Verde, Santo Cerro, Loma de los \u00c1ngeles, Cabirmota, Guaco, Mar\u00eda Auxiliadora, Las Carmelitas, Guarionex, El Para\u00edso, Ensanche Duarte, Villa Rosa y El Vedado, entre otros.<\/p>\n<p>Ante esta situaci\u00f3n, solicit\u00f3 a Edenorte y al Gobierno central informar p\u00fablicamente qu\u00e9 inversiones est\u00e1n previstas para La Vega, cu\u00e1les ser\u00e1n los montos, los plazos de ejecuci\u00f3n y qu\u00e9 medidas ser\u00e1n adoptadas para reducir los apagones.<\/p>\n<p>Tambi\u00e9n pidi\u00f3 establecer un mecanismo \u00e1gil y t\u00e9cnicamente confiable para atender las reclamaciones relacionadas con facturaci\u00f3n elevada, de manera que cada usuario pueda recibir explicaciones sustentadas sobre su consumo.<\/p>\n<p><strong>Enrique Ram\u00edrez: \u201cLa soluci\u00f3n no puede seguir esperando\u201d<\/strong><\/p>\n<p>El planteamiento est\u00e1 firmado por el ingeniero Enrique Ram\u00edrez, presidente provincial de la Fuerza del Pueblo en La Vega y expresidente de la Comisi\u00f3n Nacional de Energ\u00eda.<\/p>\n<p>\u201cLa Vega merece saber qu\u00e9 se har\u00e1, cu\u00e1ndo se har\u00e1, cu\u00e1nto se invertir\u00e1 y cu\u00e1les ser\u00e1n los resultados\u201d, sostiene el documento.<\/p>\n<p>Ram\u00edrez consider\u00f3 que, despu\u00e9s de seis a\u00f1os de gesti\u00f3n y de los recursos p\u00fablicos destinados al sector el\u00e9ctrico, la poblaci\u00f3n tiene derecho a exigir resultados concretos y medibles.<\/p>\n<p>\u201cLa soluci\u00f3n al problema el\u00e9ctrico no puede seguir esperando\u201d, concluy\u00f3.<\/p>\n<p>NLP\/<\/p>\n<p>La entrada <a href=\"https:\/\/elnuevodiario.com.do\/fp-exige-respuestas-por-apagones-alta-facturacion-y-situacion-financiera-de-las-edes-en-la-vega\/\">FP exige respuestas por apagones, alta facturaci\u00f3n y situaci\u00f3n financiera de las EDEs en La Vega<\/a> se public\u00f3 primero en <a href=\"https:\/\/elnuevodiario.com.do\">El Nuevo Diario (Rep\u00fablica Dominicana)<\/a>.<\/p>\n","protected":false},"excerpt":{"rendered":"EL NUEVO DIARIO, LA VEGA.\u2013 Dirigentes de la Fuerza del Pueblo (FP)&hellip;\n","protected":false},"author":1,"featured_media":67099,"comment_status":"open","ping_status":"open","sticky":false,"template":"","format":"standard","meta":{"footnotes":""},"categories":[1],"tags":[],"class_list":["post-67098","post","type-post","status-publish","format-standard","has-post-thumbnail","category-nacionales"],"_links":{"self":[{"href":"https:\/\/acronoticias.com\/index.php\/wp-json\/wp\/v2\/posts\/67098","targetHints":{"allow":["GET"]}}],"collection":[{"href":"https:\/\/acronoticias.com\/index.php\/wp-json\/wp\/v2\/posts"}],"about":[{"href":"https:\/\/acronoticias.com\/index.php\/wp-json\/wp\/v2\/types\/post"}],"author":[{"embeddable":true,"href":"https:\/\/acronoticias.com\/index.php\/wp-json\/wp\/v2\/users\/1"}],"replies":[{"embeddable":true,"href":"https:\/\/acronoticias.com\/index.php\/wp-json\/wp\/v2\/comments?post=67098"}],"version-history":[{"count":0,"href":"https:\/\/acronoticias.com\/index.php\/wp-json\/wp\/v2\/posts\/67098\/revisions"}],"wp:featuredmedia":[{"embeddable":true,"href":"https:\/\/acronoticias.com\/index.php\/wp-json\/wp\/v2\/media\/67099"}],"wp:attachment":[{"href":"https:\/\/acronoticias.com\/index.php\/wp-json\/wp\/v2\/media?parent=67098"}],"wp:term":[{"taxonomy":"category","embeddable":true,"href":"https:\/\/acronoticias.com\/index.php\/wp-json\/wp\/v2\/categories?post=67098"},{"taxonomy":"post_tag","embeddable":true,"href":"https:\/\/acronoticias.com\/index.php\/wp-json\/wp\/v2\/tags?post=67098"}],"curies":[{"name":"wp","href":"https:\/\/api.w.org\/{rel}","templated":true}]}}