{"id":67092,"date":"2026-09-03T14:17:37","date_gmt":"2026-09-03T14:17:37","guid":{"rendered":"https:\/\/acronoticias.com\/index.php\/2026\/09\/03\/dgjp-capacita-a-personal-de-presidencia-en-pensiones\/"},"modified":"2026-09-03T14:17:37","modified_gmt":"2026-09-03T14:17:37","slug":"dgjp-capacita-a-personal-de-presidencia-en-pensiones","status":"publish","type":"post","link":"https:\/\/acronoticias.com\/index.php\/2026\/09\/03\/dgjp-capacita-a-personal-de-presidencia-en-pensiones\/","title":{"rendered":"DGJP capacita a personal de Presidencia en pensiones"},"content":{"rendered":"<p><img decoding=\"async\" width=\"355\" height=\"200\" src=\"https:\/\/nuevodiario-assets.s3.us-east-2.amazonaws.com\/wp-content\/uploads\/2026\/09\/c21a62b4-78e1-4a05-a105-dd7d5c68776b-355x200.jpg\" class=\"webfeedsFeaturedVisual wp-post-image\" alt=\"\" style=\"display: block;margin-bottom: 5px;clear:both;max-width: 100%\" loading=\"lazy\" \/><\/p>\n<p data-start=\"268\" data-end=\"384\"><strong>EL NUEVO DIARIO, SANTO DOMINGO.\u2013<\/strong> La Direcci\u00f3n General de Jubilaciones y Pensiones a Cargo del Estado (DGJP) imparti\u00f3 una charla a colaboradores de la Presidencia de la Rep\u00fablica sobre el <strong>Sistema de Reparto Estatal<\/strong>, con el prop\u00f3sito de fortalecer sus conocimientos sobre seguridad social, derechos y beneficios previsionales.<\/p>\n<div class=\"group relative clear-both my-4 w-full overflow-visible z-1\" data-writing-block-fullscreen-fallback-target=\"inline\">\n<div id=\"writing-block-207039a8-7877-4b8d-aec3-f0e42d0f361b\" class=\"group\/writing-block-surface relative isolate w-full min-w-0 overflow-clip rounded-[var(--oai-wb-radius)] [box-shadow:var(--oai-wb-shadow)] [color:var(--oai-wb-text-primary)] [contain:inline-size] [font-family:var(--oai-wb-font-sans)] [--wb-text-primary:var(--text-primary)] [--wb-text-secondary:var(--text-secondary)] [--wb-text-tertiary:var(--text-tertiary)] [--wb-surface-primary:var(--bg-primary)] [--wb-surface-secondary:var(--bg-tertiary)] [--wb-border:rgb(0_0_0\/7%)] [--wb-border-hover:rgb(0_0_0\/7%)] [--wb-divider:var(--border-light)] [--wb-focus:var(--border-strong)] [--wb-control-border:var(--interactive-border-focus)] [--wb-entity-accent:var(--theme-entity-accent)] [--wb-accent:var(--interactive-label-accent-default)] [--wb-on-accent:var(--bg-primary)] [--wb-interactive-background:var(--interactive-bg-accent-default)] [--wb-selection:var(--theme-user-selection-bg,var(--selection))] [--wb-radius-sm:var(--radius-sm)] [--wb-shadow-lg:var(--shadow-lg)] [--wb-font-sans:var(--font-sans)] [--wb-font-mono:var(--font-mono)] [--wb-shimmer-dark-contrast:var(--gray-550)] [--wb-shimmer-dark-secondary:var(--text-tertiary)] [--wb-radius:24px] [--wb-shadow:0_4px_80px_rgb(0_0_0\/2%)] [contain:none]\" data-oai-writing-block-surface=\"\" data-writing-block=\"true\" data-testid=\"writing-block-container\">\n<div class=\"relative z-[1]\">\n<div class=\"mt4SwW_editor [--wb-text-primary:var(--text-primary)] [--wb-text-secondary:var(--text-secondary)] [--wb-text-tertiary:var(--text-tertiary)] [--wb-surface-primary:var(--bg-primary)] [--wb-surface-secondary:var(--bg-tertiary)] [--wb-border:rgb(0_0_0\/7%)] [--wb-border-hover:rgb(0_0_0\/7%)] [--wb-divider:var(--border-light)] [--wb-focus:var(--border-strong)] [--wb-control-border:var(--interactive-border-focus)] [--wb-entity-accent:var(--theme-entity-accent)] [--wb-accent:var(--interactive-label-accent-default)] [--wb-on-accent:var(--bg-primary)] [--wb-interactive-background:var(--interactive-bg-accent-default)] [--wb-selection:var(--theme-user-selection-bg,var(--selection))] [--wb-radius-sm:var(--radius-sm)] [--wb-shadow-lg:var(--shadow-lg)] [--wb-font-sans:var(--font-sans)] [--wb-font-mono:var(--font-mono)] [--wb-shimmer-dark-contrast:var(--gray-550)] [--wb-shimmer-dark-secondary:var(--text-tertiary)] [--wb-radius:24px] [--wb-shadow:0_4px_80px_rgb(0_0_0\/2%)] [contain:none] writing-block-editor markdown-new-styling relative flow-root\" data-task-list-drag-label=\"Reordenar elemento de la lista\">\n<div class=\"outline-none data-[writing-block-fullscreen-editor]:min-h-[75vh] ProseMirror markdown prose dark:prose-invert w-full min-h-6 break-words focus:outline-none\" dir=\"auto\" data-writing-block-fullscreen-editor-region=\"true\" data-writing-block-fullscreen-editor-layout=\"inline\">\n<p>La jornada formativa, titulada <strong>\u201cSistema de Reparto Estatal: procedimientos y beneficios para los afiliados\u201d<\/strong>, estuvo a cargo de Mar\u00eda Nina, encargada del Departamento del Sistema de Reparto y Control de Pensionados, y Sebasti\u00e1n Figuereo, coordinador de la Divisi\u00f3n de Seguimiento del Sistema de Reparto.<\/p>\n<p><img decoding=\"async\" data-recalc-dims=\"1\" loading=\"lazy\" class=\"alignnone size-full wp-image-3263347\" src=\"https:\/\/i0.wp.com\/nuevodiario-assets.s3.us-east-2.amazonaws.com\/wp-content\/uploads\/2026\/09\/e645f96b-6331-4129-bb80-2f67102a6378.jpg?resize=640%2C427&quality=100&ssl=1\" alt=\"\" width=\"640\" height=\"427\" \/><\/p>\n<p>Durante el encuentro, los facilitadores explicaron el marco legal vigente, as\u00ed como las leyes y reglamentos que sustentan el Sistema de Reparto. Tambi\u00e9n abordaron los diferentes reg\u00edmenes de pensiones y sus principales beneficios para los afiliados.<\/p>\n<h3 id=\"orientan-sobre-tramites-y-beneficios\">Orientan sobre tr\u00e1mites y beneficios<\/h3>\n<p>Los especialistas explicaron los procedimientos para solicitar pensiones por antig\u00fcedad, sobrevivencia y discapacidad, adem\u00e1s del proceso de retorno al Sistema de Reparto. En cada caso, detallaron los requisitos, condiciones y pasos necesarios para realizar los tr\u00e1mites.<\/p>\n<p>La iniciativa forma parte del programa de capacitaci\u00f3n y orientaci\u00f3n previsional que desarrolla la DGJP, conforme a los lineamientos estrat\u00e9gicos de su director general, Juan Rosa, dirigidos a promover una mayor educaci\u00f3n sobre los derechos y beneficios del sistema de pensiones.<\/p>\n<p>Asimismo, la capacitaci\u00f3n se desarrolla en consonancia con las pol\u00edticas de capacitaci\u00f3n, transparencia y modernizaci\u00f3n impulsadas por el Gobierno del presidente Luis Abinader.<\/p>\n<p>La actividad se realiz\u00f3 en el sal\u00f3n Hermanas Mirabal de la Presidencia de la Rep\u00fablica, donde los colaboradores participantes tuvieron la oportunidad de formular preguntas y aclarar inquietudes relacionadas con los temas tratados.<\/p>\n<p>Las respuestas ofrecidas por los facilitadores contribuyeron a ampliar los conocimientos de los participantes sobre sus derechos, beneficios y procedimientos dentro del Sistema de Reparto Estatal.<\/p>\n<\/div>\n<\/div>\n<\/div>\n<div class=\"pointer-events-none absolute inset-0 rounded-[inherit] z-[2] [box-shadow:inset_0_0_0_1px_var(--oai-wb-border)] group-hover\/writing-block-surface:[box-shadow:inset_0_0_0_1px_var(--oai-wb-border-hover)]\" data-writing-block-fullscreen-shell-border=\"true\" aria-hidden=\"true\"><\/div>\n<\/div>\n<\/div>\n<p>La entrada <a href=\"https:\/\/elnuevodiario.com.do\/dgjp-capacita-a-personal-de-presidencia-en-pensiones\/\">DGJP capacita a personal de Presidencia en pensiones<\/a> se public\u00f3 primero en <a href=\"https:\/\/elnuevodiario.com.do\">El Nuevo Diario (Rep\u00fablica Dominicana)<\/a>.<\/p>\n","protected":false},"excerpt":{"rendered":"EL NUEVO DIARIO, SANTO DOMINGO.\u2013 La Direcci\u00f3n General de Jubilaciones y Pensiones&hellip;\n","protected":false},"author":1,"featured_media":67093,"comment_status":"open","ping_status":"open","sticky":false,"template":"","format":"standard","meta":{"footnotes":""},"categories":[1],"tags":[],"class_list":["post-67092","post","type-post","status-publish","format-standard","has-post-thumbnail","category-nacionales"],"_links":{"self":[{"href":"https:\/\/acronoticias.com\/index.php\/wp-json\/wp\/v2\/posts\/67092","targetHints":{"allow":["GET"]}}],"collection":[{"href":"https:\/\/acronoticias.com\/index.php\/wp-json\/wp\/v2\/posts"}],"about":[{"href":"https:\/\/acronoticias.com\/index.php\/wp-json\/wp\/v2\/types\/post"}],"author":[{"embeddable":true,"href":"https:\/\/acronoticias.com\/index.php\/wp-json\/wp\/v2\/users\/1"}],"replies":[{"embeddable":true,"href":"https:\/\/acronoticias.com\/index.php\/wp-json\/wp\/v2\/comments?post=67092"}],"version-history":[{"count":0,"href":"https:\/\/acronoticias.com\/index.php\/wp-json\/wp\/v2\/posts\/67092\/revisions"}],"wp:featuredmedia":[{"embeddable":true,"href":"https:\/\/acronoticias.com\/index.php\/wp-json\/wp\/v2\/media\/67093"}],"wp:attachment":[{"href":"https:\/\/acronoticias.com\/index.php\/wp-json\/wp\/v2\/media?parent=67092"}],"wp:term":[{"taxonomy":"category","embeddable":true,"href":"https:\/\/acronoticias.com\/index.php\/wp-json\/wp\/v2\/categories?post=67092"},{"taxonomy":"post_tag","embeddable":true,"href":"https:\/\/acronoticias.com\/index.php\/wp-json\/wp\/v2\/tags?post=67092"}],"curies":[{"name":"wp","href":"https:\/\/api.w.org\/{rel}","templated":true}]}}