{"id":67084,"date":"2026-09-03T13:45:51","date_gmt":"2026-09-03T13:45:51","guid":{"rendered":"https:\/\/acronoticias.com\/index.php\/2026\/09\/03\/obras-publicas-cerrara-por-dos-horas-el-puente-flotante-sobre-el-rio-ozama-este-jueves\/"},"modified":"2026-09-03T13:45:51","modified_gmt":"2026-09-03T13:45:51","slug":"obras-publicas-cerrara-por-dos-horas-el-puente-flotante-sobre-el-rio-ozama-este-jueves","status":"publish","type":"post","link":"https:\/\/acronoticias.com\/index.php\/2026\/09\/03\/obras-publicas-cerrara-por-dos-horas-el-puente-flotante-sobre-el-rio-ozama-este-jueves\/","title":{"rendered":"Obras P\u00fablicas cerrar\u00e1 por dos horas el puente flotante sobre el r\u00edo Ozama este jueves"},"content":{"rendered":"<p><img decoding=\"async\" width=\"335\" height=\"200\" src=\"https:\/\/nuevodiario-assets.s3.us-east-2.amazonaws.com\/wp-content\/uploads\/2026\/09\/puente-flotante-sobre-el-rio-Ozama-335x200.jpeg\" class=\"webfeedsFeaturedVisual wp-post-image\" alt=\"\" style=\"display: block;margin-bottom: 5px;clear:both;max-width: 100%\" loading=\"lazy\" \/><\/p>\n<p>EL NUEVO DIARIO, SANTO DOMINGO.- El Ministerio de Obras P\u00fablicas y Comunicaciones (MOPC) inform\u00f3 que este jueves 3 de septiembre cerrar\u00e1 durante dos horas el tr\u00e1nsito vehicular por el puente flotante sobre el r\u00edo Ozama, debido al paso de una draga de la Armada de la Rep\u00fablica Dominicana que realizar\u00e1 trabajos de emergencia en la estructura.<\/p>\n<p>El cierre est\u00e1 programado desde las 10:00 de la ma\u00f1ana hasta las 12:00 del mediod\u00eda.<\/p>\n<p>Durante ese per\u00edodo, la draga cruzar\u00e1 aguas arriba para realizar trabajos de emergencia sobre el puente, indica un comunicado.<\/p>\n<p>La presente informaci\u00f3n se emite en inter\u00e9s de que la poblaci\u00f3n en sentido general, en espec\u00edfico los conductores de veh\u00edculos que de ordinario se desplazan por el puente flotante, adopten las medidas de lugar y si tienen que hacerlo en ese espacio de tiempo, busquen rutas alternas, como los puentes Mat\u00edas Ram\u00f3n Mella, Juan Pablo Duarte y Juan Bosch.<\/p>\n<p>El MOPC ofrece disculpas por los inconvenientes que podr\u00eda acarrear dicho cierre.<\/p>\n<p>ENV\/<\/p>\n<p>La entrada <a href=\"https:\/\/elnuevodiario.com.do\/obras-publicas-cerrara-el-puente-flotante-por-dos-horas-este-jueves\/\">Obras P\u00fablicas cerrar\u00e1 por dos horas el puente flotante sobre el r\u00edo Ozama este jueves<\/a> se public\u00f3 primero en <a href=\"https:\/\/elnuevodiario.com.do\">El Nuevo Diario (Rep\u00fablica Dominicana)<\/a>.<\/p>\n","protected":false},"excerpt":{"rendered":"EL NUEVO DIARIO, SANTO DOMINGO.- El Ministerio de Obras P\u00fablicas y Comunicaciones&hellip;\n","protected":false},"author":1,"featured_media":67085,"comment_status":"open","ping_status":"open","sticky":false,"template":"","format":"standard","meta":{"footnotes":""},"categories":[1],"tags":[],"class_list":["post-67084","post","type-post","status-publish","format-standard","has-post-thumbnail","category-nacionales"],"_links":{"self":[{"href":"https:\/\/acronoticias.com\/index.php\/wp-json\/wp\/v2\/posts\/67084","targetHints":{"allow":["GET"]}}],"collection":[{"href":"https:\/\/acronoticias.com\/index.php\/wp-json\/wp\/v2\/posts"}],"about":[{"href":"https:\/\/acronoticias.com\/index.php\/wp-json\/wp\/v2\/types\/post"}],"author":[{"embeddable":true,"href":"https:\/\/acronoticias.com\/index.php\/wp-json\/wp\/v2\/users\/1"}],"replies":[{"embeddable":true,"href":"https:\/\/acronoticias.com\/index.php\/wp-json\/wp\/v2\/comments?post=67084"}],"version-history":[{"count":0,"href":"https:\/\/acronoticias.com\/index.php\/wp-json\/wp\/v2\/posts\/67084\/revisions"}],"wp:featuredmedia":[{"embeddable":true,"href":"https:\/\/acronoticias.com\/index.php\/wp-json\/wp\/v2\/media\/67085"}],"wp:attachment":[{"href":"https:\/\/acronoticias.com\/index.php\/wp-json\/wp\/v2\/media?parent=67084"}],"wp:term":[{"taxonomy":"category","embeddable":true,"href":"https:\/\/acronoticias.com\/index.php\/wp-json\/wp\/v2\/categories?post=67084"},{"taxonomy":"post_tag","embeddable":true,"href":"https:\/\/acronoticias.com\/index.php\/wp-json\/wp\/v2\/tags?post=67084"}],"curies":[{"name":"wp","href":"https:\/\/api.w.org\/{rel}","templated":true}]}}