{"id":67082,"date":"2026-09-03T13:29:35","date_gmt":"2026-09-03T13:29:35","guid":{"rendered":"https:\/\/acronoticias.com\/index.php\/2026\/09\/03\/hector-acosta-reintroducira-proyecto-para-regular-cobros-en-colegios-privados\/"},"modified":"2026-09-03T13:29:35","modified_gmt":"2026-09-03T13:29:35","slug":"hector-acosta-reintroducira-proyecto-para-regular-cobros-en-colegios-privados","status":"publish","type":"post","link":"https:\/\/acronoticias.com\/index.php\/2026\/09\/03\/hector-acosta-reintroducira-proyecto-para-regular-cobros-en-colegios-privados\/","title":{"rendered":"H\u00e9ctor Acosta reintroducir\u00e1 proyecto para regular cobros en colegios privados"},"content":{"rendered":"<p><img loading=\"lazy\" decoding=\"async\" width=\"355\" height=\"200\" src=\"https:\/\/nuevodiario-assets.s3.us-east-2.amazonaws.com\/wp-content\/uploads\/2023\/06\/17113814\/FGB_Dg-XoAU1iW1.jpg_large.jpg\" class=\"webfeedsFeaturedVisual wp-post-image\" alt=\"\" style=\"display: block;margin-bottom: 5px;clear:both;max-width: 100%\" \/><\/p>\n<p>EL NUEVO DIARIO, SANTO DOMINGO.- El senador por la provincia Monse\u00f1or Nouel, H\u00e9ctor Acosta \u00abEl Torito\u00bb, anunci\u00f3 este jueves que reintroducir\u00e1 un proyecto de ley orientado a regular los cobros de los colegios privados, al considerar que los costos de la educaci\u00f3n privada representan una carga para familias que no cuentan con recursos suficientes.<\/p>\n<p>Durante su intervenci\u00f3n en la sesi\u00f3n del Senado, Acosta afirm\u00f3 que ha presentado en dos ocasiones iniciativas relacionadas con los colegios privados que, seg\u00fan declar\u00f3, fueron aprobadas por el Pleno, pero que posteriormente no continuaron su tr\u00e1mite legislativo.<\/p>\n<p>\u00abNo s\u00e9 para d\u00f3nde cogen los proyectos que han sido aprobados dos veces en este Senado sometidos por este servidor y al cruzar esa puerta no se saben para d\u00f3nde doblan\u00bb, reclam\u00f3 el lesgislador.<\/p>\n<p>Adem\u00e1s, se\u00f1al\u00f3 que algunos padres de familia han tenido que recurrir a pr\u00e9stamos para poder inscribir a sus hijos en centros educativos privados, por lo que asegur\u00f3 volver\u00e1 a presentar la propuesta y dar\u00e1 seguimiento a su recorrido legislativo para determinar hasta d\u00f3nde avanza.<\/p>\n<p><strong>Antecedentes<\/strong><\/p>\n<p>No es la primera vez que el El Torito hace el planteamiento, ya hab\u00eda impulsado iniciativas sobre el tema durante su primer per\u00edodo como senador.<\/p>\n<p>En marzo de 2021 present\u00f3 un proyecto para eliminar el pago de la reinscripci\u00f3n en los colegios privados durante el a\u00f1o escolar 2021-2022, en el contexto de la crisis econ\u00f3mica provocada por la pandemia de covid-19. La Comisi\u00f3n Permanente de Educaci\u00f3n del Senado estudi\u00f3 la propuesta y escuch\u00f3 a representantes de instituciones educativas privadas.<\/p>\n<p>El Senado aprob\u00f3 posteriormente esa iniciativa en primera lectura. La propuesta contemplaba eliminar el pago de reinscripci\u00f3n y mantener las tarifas mensuales o anuales correspondientes al per\u00edodo escolar establecido.<\/p>\n<p>De acuerdo con el registro legislativo del Senado, el proyecto fue despachado hacia la C\u00e1mara de Diputados el 29 de julio de 2021 y figura con estado de aprobado en el expediente legislativo 00473-2021.<\/p>\n<p>En 2022, Acosta impuls\u00f3 una iniciativa de mayor alcance para modificar la Ley 86-00, con el prop\u00f3sito de que el Ministerio de Educaci\u00f3n tuviera facultad para fijar las tarifas o cuotas mensuales y anuales cobradas por los colegios privados, adem\u00e1s de regular los pagos de rematriculaci\u00f3n o reinscripci\u00f3n.<\/p>\n<p>Para entonces, el Senado la aprob\u00f3 en primera lectura en septiembre de ese a\u00f1o y posteriormente en segunda lectura.<\/p>\n<p>M\u00e1s adelante, en 2023, Acosta volvi\u00f3 a presentar el Proyecto de Ley que regula la admisi\u00f3n e inscripci\u00f3n de estudiantes en centros educativos privados y establece la gratuidad de la reinscripci\u00f3n, identificado con el expediente 02521-2023-SLO-SE.<\/p>\n<p>Sin embargo, el registro oficial de proyectos perimidos del Senado indica que esa iniciativa fue depositada el 15 de septiembre de 2023, enviada a comisi\u00f3n el 26 de septiembre del mismo a\u00f1o y perimi\u00f3 el 26 de julio de 2024.<\/p>\n<p>NLP\/<\/p>\n<p>La entrada <a href=\"https:\/\/elnuevodiario.com.do\/hector-acosta-reintroducira-proyecto-para-regular-cobros-en-colegios-privados\/\">H\u00e9ctor Acosta reintroducir\u00e1 proyecto para regular cobros en colegios privados<\/a> se public\u00f3 primero en <a href=\"https:\/\/elnuevodiario.com.do\">El Nuevo Diario (Rep\u00fablica Dominicana)<\/a>.<\/p>\n","protected":false},"excerpt":{"rendered":"EL NUEVO DIARIO, SANTO DOMINGO.- El senador por la provincia Monse\u00f1or Nouel,&hellip;\n","protected":false},"author":1,"featured_media":67083,"comment_status":"open","ping_status":"open","sticky":false,"template":"","format":"standard","meta":{"footnotes":""},"categories":[1],"tags":[],"class_list":["post-67082","post","type-post","status-publish","format-standard","has-post-thumbnail","category-nacionales"],"_links":{"self":[{"href":"https:\/\/acronoticias.com\/index.php\/wp-json\/wp\/v2\/posts\/67082","targetHints":{"allow":["GET"]}}],"collection":[{"href":"https:\/\/acronoticias.com\/index.php\/wp-json\/wp\/v2\/posts"}],"about":[{"href":"https:\/\/acronoticias.com\/index.php\/wp-json\/wp\/v2\/types\/post"}],"author":[{"embeddable":true,"href":"https:\/\/acronoticias.com\/index.php\/wp-json\/wp\/v2\/users\/1"}],"replies":[{"embeddable":true,"href":"https:\/\/acronoticias.com\/index.php\/wp-json\/wp\/v2\/comments?post=67082"}],"version-history":[{"count":0,"href":"https:\/\/acronoticias.com\/index.php\/wp-json\/wp\/v2\/posts\/67082\/revisions"}],"wp:featuredmedia":[{"embeddable":true,"href":"https:\/\/acronoticias.com\/index.php\/wp-json\/wp\/v2\/media\/67083"}],"wp:attachment":[{"href":"https:\/\/acronoticias.com\/index.php\/wp-json\/wp\/v2\/media?parent=67082"}],"wp:term":[{"taxonomy":"category","embeddable":true,"href":"https:\/\/acronoticias.com\/index.php\/wp-json\/wp\/v2\/categories?post=67082"},{"taxonomy":"post_tag","embeddable":true,"href":"https:\/\/acronoticias.com\/index.php\/wp-json\/wp\/v2\/tags?post=67082"}],"curies":[{"name":"wp","href":"https:\/\/api.w.org\/{rel}","templated":true}]}}