{"id":67080,"date":"2026-09-03T13:13:35","date_gmt":"2026-09-03T13:13:35","guid":{"rendered":"https:\/\/acronoticias.com\/index.php\/2026\/09\/03\/junta-distrital-de-las-lagunas-reconoce-al-ministro-administrativo-de-la-presidencia-andres-bautista\/"},"modified":"2026-09-03T13:13:35","modified_gmt":"2026-09-03T13:13:35","slug":"junta-distrital-de-las-lagunas-reconoce-al-ministro-administrativo-de-la-presidencia-andres-bautista","status":"publish","type":"post","link":"https:\/\/acronoticias.com\/index.php\/2026\/09\/03\/junta-distrital-de-las-lagunas-reconoce-al-ministro-administrativo-de-la-presidencia-andres-bautista\/","title":{"rendered":"Junta distrital de Las Lagunas reconoce al ministro administrativo de la Presidencia, Andr\u00e9s Bautista\u00a0"},"content":{"rendered":"<p><img loading=\"lazy\" decoding=\"async\" width=\"355\" height=\"200\" src=\"https:\/\/nuevodiario-assets.s3.us-east-2.amazonaws.com\/wp-content\/uploads\/2026\/09\/Reconocimiento-Las-Lagunas-355x200.jpeg\" class=\"webfeedsFeaturedVisual wp-post-image\" alt=\"\" style=\"display: block;margin-bottom: 5px;clear:both;max-width: 100%\" \/><\/p>\n<p>EL NUEVO DIARIO, LAS LAGUNAS, MOCA.\u2013 En un momento especial dentro del gran cierre de las Fiestas Patronales San Ram\u00f3n 2026, el Concejo de Vocales de la Junta Distrital de Las Lagunas, perteneciente al municipio de Moca, otorg\u00f3 la \u201cDistinci\u00f3n al M\u00e9rito\u201d al licenciado Porfirio Andr\u00e9s Bautista Garc\u00eda, Ministro Administrativo de la Presidencia, por sus aportes al desarrollo de Las Lagunas.<\/p>\n<p>Al momento de la entrega, el alcalde distrital, Ing. Humbert Germos\u00e9n, destac\u00f3 la trayectoria de servicio p\u00fablico de Bautista y su permanente respaldo a la comunidad. \u201cLas Lagunas reconoce hoy a un hombre que ha cre\u00eddo en nuestra comunidad y que ha sido un aliado importante para su desarrollo\u201d, expres\u00f3 el alcalde.<\/p>\n<p>La resoluci\u00f3n fue le\u00edda por Ariel Liranzo, coordinador general de las Fiestas Patronales San Ram\u00f3n 2026, ante las miles de personas presentes. En ella se destaca la trayectoria de Bautista como servidor p\u00fablico, su gesti\u00f3n como senador de la provincia Espaillat y su decidido respaldo al proceso que hizo posible la creaci\u00f3n del Distrito Municipal de Las Lagunas, adem\u00e1s de su permanente apoyo a la comunidad y a iniciativas en beneficio del territorio.<\/p>\n<p>El reconocimiento fue recibido en representaci\u00f3n del homenajeado por su hijo, Enmanuel Bautista, quien agradeci\u00f3 al alcalde Humbert Germos\u00e9n y al Concejo de Vocales, encabezado por su presidente Antonio Vargas, e integrado por los vocales Jos\u00e9 Castillo y Gustavo Moscoso, por la distinci\u00f3n otorgada a su padre.<\/p>\n<p>\u201cEn nombre de mi padre, Andr\u00e9s Bautista, quiero agradecer profundamente al alcalde Humbert Germos\u00e9n y al Concejo de Vocales de la Junta Distrital de Las Lagunas por esta distinci\u00f3n. Recibimos este reconocimiento con mucha alegr\u00eda y, sobre todo, con gratitud. Mi padre siempre ha sentido un compromiso especial con Las Lagunas y con la provincia Espaillat, por lo que recibir este gesto de cari\u00f1o y reconocimiento de parte de su gente tiene un significado muy especial para nuestra familia\u201d, expres\u00f3 Enmanuel Bautista.<\/p>\n<p>La \u201cDistinci\u00f3n al M\u00e9rito\u201d form\u00f3 parte de los momentos especiales que marcaron el gran cierre de San Ram\u00f3n 2026, como expresi\u00f3n de gratitud de Las Lagunas a quienes, desde el servicio p\u00fablico, han contribuido al desarrollo y bienestar de la comunidad.<\/p>\n<p>La entrada <a href=\"https:\/\/elnuevodiario.com.do\/junta-distrital-de-las-lagunas-reconoce-al-ministro-administrativo-de-la-presidencia-andres-bautista\/\">Junta distrital de Las Lagunas reconoce al ministro administrativo de la Presidencia, Andr\u00e9s Bautista\u00a0<\/a> se public\u00f3 primero en <a href=\"https:\/\/elnuevodiario.com.do\">El Nuevo Diario (Rep\u00fablica Dominicana)<\/a>.<\/p>\n","protected":false},"excerpt":{"rendered":"EL NUEVO DIARIO, LAS LAGUNAS, MOCA.\u2013 En un momento especial dentro del&hellip;\n","protected":false},"author":1,"featured_media":67081,"comment_status":"open","ping_status":"open","sticky":false,"template":"","format":"standard","meta":{"footnotes":""},"categories":[1],"tags":[],"class_list":["post-67080","post","type-post","status-publish","format-standard","has-post-thumbnail","category-nacionales"],"_links":{"self":[{"href":"https:\/\/acronoticias.com\/index.php\/wp-json\/wp\/v2\/posts\/67080","targetHints":{"allow":["GET"]}}],"collection":[{"href":"https:\/\/acronoticias.com\/index.php\/wp-json\/wp\/v2\/posts"}],"about":[{"href":"https:\/\/acronoticias.com\/index.php\/wp-json\/wp\/v2\/types\/post"}],"author":[{"embeddable":true,"href":"https:\/\/acronoticias.com\/index.php\/wp-json\/wp\/v2\/users\/1"}],"replies":[{"embeddable":true,"href":"https:\/\/acronoticias.com\/index.php\/wp-json\/wp\/v2\/comments?post=67080"}],"version-history":[{"count":0,"href":"https:\/\/acronoticias.com\/index.php\/wp-json\/wp\/v2\/posts\/67080\/revisions"}],"wp:featuredmedia":[{"embeddable":true,"href":"https:\/\/acronoticias.com\/index.php\/wp-json\/wp\/v2\/media\/67081"}],"wp:attachment":[{"href":"https:\/\/acronoticias.com\/index.php\/wp-json\/wp\/v2\/media?parent=67080"}],"wp:term":[{"taxonomy":"category","embeddable":true,"href":"https:\/\/acronoticias.com\/index.php\/wp-json\/wp\/v2\/categories?post=67080"},{"taxonomy":"post_tag","embeddable":true,"href":"https:\/\/acronoticias.com\/index.php\/wp-json\/wp\/v2\/tags?post=67080"}],"curies":[{"name":"wp","href":"https:\/\/api.w.org\/{rel}","templated":true}]}}