{"id":67049,"date":"2026-09-03T08:06:43","date_gmt":"2026-09-03T08:06:43","guid":{"rendered":"https:\/\/acronoticias.com\/index.php\/2026\/09\/03\/fundacion-donde-rescataron-a-13-ninos-habia-sido-suspendida-por-conani-desde-2020-segun-el-mp\/"},"modified":"2026-09-03T08:06:43","modified_gmt":"2026-09-03T08:06:43","slug":"fundacion-donde-rescataron-a-13-ninos-habia-sido-suspendida-por-conani-desde-2020-segun-el-mp","status":"publish","type":"post","link":"https:\/\/acronoticias.com\/index.php\/2026\/09\/03\/fundacion-donde-rescataron-a-13-ninos-habia-sido-suspendida-por-conani-desde-2020-segun-el-mp\/","title":{"rendered":"Fundaci\u00f3n donde rescataron a 13 ni\u00f1os hab\u00eda sido suspendida por Conani desde 2020, seg\u00fan el MP"},"content":{"rendered":"<div>\n<p class=\"wp-block-paragraph\"><strong>SANTO DOMINGO. \u2013<\/strong> la \u00abFundaci\u00f3n Restaurando Vida (Un Muerto que Revive)\u00bb, donde fueron rescatados 13 ni\u00f1os de entre tres meses y 14 a\u00f1os por presuntos maltratos, hab\u00eda sido advertida y suspendida por las autoridades desde octubre de 2020, seg\u00fan consta en la solicitud de medida de coerci\u00f3n presentada por el <strong>Ministerio P\u00fablico<\/strong>.<\/p>\n<p class=\"wp-block-paragraph\">El documento establece que el <strong>Consejo Nacional para la Ni\u00f1ez y la Adolescencia (CONANI)<\/strong> orden\u00f3 en octubre de ese a\u00f1o suspender las operaciones de la fundaci\u00f3n y prohibi\u00f3 el ingreso de nuevos ni\u00f1os, ni\u00f1as y adolescentes al lugar.<\/p>\n<p class=\"wp-block-paragraph\"><strong>CONANI orden\u00f3 suspender las operaciones en 2020<\/strong><\/p>\n<p class=\"wp-block-paragraph\">Una comunicaci\u00f3n emitida por CONANI en octubre de 2020 forma parte de los documentos citados por el Ministerio P\u00fablico en la solicitud de medida de coerci\u00f3n contra el pastor <strong>\u00c1ngel Gabriel Capell\u00e1n<\/strong>, quien permanece detenido junto a <strong>Isa\u00edas Ram\u00f3n Mu\u00f1oz<\/strong> por este caso.<\/p>\n<p class=\"wp-block-paragraph\">De acuerdo con el documento, la disposici\u00f3n establec\u00eda la suspensi\u00f3n del funcionamiento de la fundaci\u00f3n y la prohibici\u00f3n de recibir nuevos menores.<\/p>\n<p class=\"wp-block-paragraph\">Seg\u00fan la solicitud de coerci\u00f3n, pese a esa disposici\u00f3n, posteriormente fueron encontrados menores vinculados a la <strong>Fundaci\u00f3n Restaurando Vidas, Un Muerto que Revive<\/strong>, entidad que, de acuerdo con las autoridades, no contaba con autorizaci\u00f3n para operar como hogar de acogida.<\/p>\n<p class=\"wp-block-paragraph\"><strong>Adolescente de 12 a\u00f1os escap\u00f3 de la fundaci\u00f3n<\/strong><\/p>\n<p class=\"wp-block-paragraph\">El proceso judicial se inici\u00f3 luego de que un adolescente de 12 a\u00f1os escapara de la fundaci\u00f3n y acudiera ante las autoridades para denunciar los presuntos maltratos que, seg\u00fan su relato, recib\u00edan los menores que permanec\u00edan en el lugar.<\/p>\n<p class=\"wp-block-paragraph\">La solicitud de medida de coerci\u00f3n describe denuncias de <strong>golpes, quemaduras, privaci\u00f3n de alimentos y castigos f\u00edsicos<\/strong> contra algunos de los ni\u00f1os y adolescentes.<\/p>\n<p class=\"wp-block-paragraph\">El Ministerio P\u00fablico atribuye al pastor <strong>\u00c1ngel Gabriel Capell\u00e1n<\/strong> e <strong>Isa\u00edas Ram\u00f3n Mu\u00f1oz<\/strong> responsabilidad por los hechos y solicita que ambos cumplan <strong>prisi\u00f3n preventiva<\/strong> como medida de coerci\u00f3n.<\/p>\n<p class=\"wp-block-paragraph\"><strong>Audiencia de medida de coerci\u00f3n ser\u00e1 este jueves<\/strong><\/p>\n<p class=\"wp-block-paragraph\">La audiencia para el conocimiento de la medida de coerci\u00f3n contra los imputados est\u00e1 pautada para este jueves.<\/p>\n<p class=\"wp-block-paragraph\">La decisi\u00f3n sobre la medida cautelar corresponder\u00e1 al tribunal que conocer\u00e1 el proceso.<\/p>\n<\/div>\n","protected":false},"excerpt":{"rendered":"SANTO DOMINGO. \u2013 la \u00abFundaci\u00f3n Restaurando Vida (Un Muerto que Revive)\u00bb, donde&hellip;\n","protected":false},"author":1,"featured_media":67050,"comment_status":"open","ping_status":"open","sticky":false,"template":"","format":"standard","meta":{"footnotes":""},"categories":[1],"tags":[],"class_list":["post-67049","post","type-post","status-publish","format-standard","has-post-thumbnail","category-nacionales"],"_links":{"self":[{"href":"https:\/\/acronoticias.com\/index.php\/wp-json\/wp\/v2\/posts\/67049","targetHints":{"allow":["GET"]}}],"collection":[{"href":"https:\/\/acronoticias.com\/index.php\/wp-json\/wp\/v2\/posts"}],"about":[{"href":"https:\/\/acronoticias.com\/index.php\/wp-json\/wp\/v2\/types\/post"}],"author":[{"embeddable":true,"href":"https:\/\/acronoticias.com\/index.php\/wp-json\/wp\/v2\/users\/1"}],"replies":[{"embeddable":true,"href":"https:\/\/acronoticias.com\/index.php\/wp-json\/wp\/v2\/comments?post=67049"}],"version-history":[{"count":0,"href":"https:\/\/acronoticias.com\/index.php\/wp-json\/wp\/v2\/posts\/67049\/revisions"}],"wp:featuredmedia":[{"embeddable":true,"href":"https:\/\/acronoticias.com\/index.php\/wp-json\/wp\/v2\/media\/67050"}],"wp:attachment":[{"href":"https:\/\/acronoticias.com\/index.php\/wp-json\/wp\/v2\/media?parent=67049"}],"wp:term":[{"taxonomy":"category","embeddable":true,"href":"https:\/\/acronoticias.com\/index.php\/wp-json\/wp\/v2\/categories?post=67049"},{"taxonomy":"post_tag","embeddable":true,"href":"https:\/\/acronoticias.com\/index.php\/wp-json\/wp\/v2\/tags?post=67049"}],"curies":[{"name":"wp","href":"https:\/\/api.w.org\/{rel}","templated":true}]}}