{"id":67047,"date":"2026-09-03T08:05:20","date_gmt":"2026-09-03T08:05:20","guid":{"rendered":"https:\/\/acronoticias.com\/index.php\/2026\/09\/03\/el-juicio-por-la-muerte-de-maradona-entra-en-la-recta-final-con-los-testigos-de-la-defensa\/"},"modified":"2026-09-03T08:05:20","modified_gmt":"2026-09-03T08:05:20","slug":"el-juicio-por-la-muerte-de-maradona-entra-en-la-recta-final-con-los-testigos-de-la-defensa","status":"publish","type":"post","link":"https:\/\/acronoticias.com\/index.php\/2026\/09\/03\/el-juicio-por-la-muerte-de-maradona-entra-en-la-recta-final-con-los-testigos-de-la-defensa\/","title":{"rendered":"El juicio por la muerte de Maradona entra en la recta final con los testigos de la defensa"},"content":{"rendered":"<p><img decoding=\"async\" width=\"355\" height=\"200\" src=\"https:\/\/nuevodiario-assets.s3.us-east-2.amazonaws.com\/wp-content\/uploads\/2026\/06\/Juicio-por-muerte-de-Maradona-seguira-con-declaraciones-de-acompanantes-terapeuticos-355x200.jpg\" class=\"webfeedsFeaturedVisual wp-post-image\" alt=\"\" style=\"display: block;margin-bottom: 5px;clear:both;max-width: 100%\" loading=\"lazy\" \/><\/p>\n<p>BUENOS AIRES. \u2013 El juicio por la muerte de Diego Armando Maradona entra en la recta final con la etapa dedicada a los testigos de las defensas, que se inaugura este jueves con la declaraci\u00f3n del m\u00e9dico y perito Antonio Jos\u00e9 Maya.<\/p>\n<p>Maya es cirujano, m\u00e9dico legista y perito de parte del principal acusado, Leopoldo Luque, e integr\u00f3 la junta m\u00e9dica interdisplinaria creada en 2021 para evaluar las circunstancias de la muerte de Maradona.<\/p>\n<p>Las querellas y la Fiscal\u00eda finalizaron el pasado martes su producci\u00f3n de pruebas con las declaraciones de los peritos Jos\u00e9 Luis Covelli y Ramiro Larrea, tambi\u00e9n integrantes de la junta m\u00e9dica, que concluy\u00f3 que el accionar de los m\u00e9dicos a cargo de la salud de Maradona fue \u00abinadecuado, deficiente y temerario\u00bb.<\/p>\n<p>Covelli, especialista en psiquiatr\u00eda y en medicina legal, y Larrea, m\u00e9dico cl\u00ednico, declararon el pasado martes que el exfutbolista deber\u00eda haber sido ingresado en una instituci\u00f3n m\u00e9dica tras su \u00faltima intervenci\u00f3n en lugar de haber sido tratado en un domicilio.<\/p>\n<p>Maya, por su parte, sostuvo en 2021 que la muerte de Maradona hab\u00eda sido s\u00fabita y que no hab\u00eda antecedentes coronarios que pudieran haberla hecho previsible.<\/p>\n<p>Sin embargo, Gustavo Di Niro, cardi\u00f3logo que form\u00f3 parte de aquella junta m\u00e9dica, declar\u00f3 a mediados de agosto que los profesionales a cargo de la salud del astro ignoraron las numerosas se\u00f1ales de alerta compatibles con una falla card\u00edaca.<\/p>\n<p>Di Niro se refiri\u00f3 en su testimonio a \u00absignos de alarma\u00bb que Maradona present\u00f3 durante sus \u00faltimas dos semanas de vida, como acumulaci\u00f3n de l\u00edquido, problemas para respirar y un estado de conciencia alterado.<\/p>\n<p>El cardi\u00f3logo tambi\u00e9n se refiri\u00f3 a la taquicardia y a la elevada presi\u00f3n arterial que registraron los enfermeros, y afirm\u00f3 que en caso de recibir un paciente en su consultorio con esos valores \u00ablo medicar\u00eda\u00bb.<\/p>\n<p>Maradona muri\u00f3 el 25 de noviembre de 2020 mientras cursaba un tratamiento domiciliario en una casa en las afueras de Buenos Aires, tras ser operado de un hematoma subdural en la cabeza a comienzos de ese mes.<\/p>\n<p>Tras el fallecimiento, la Justicia conform\u00f3 una junta m\u00e9dica interdisciplinaria integrada por peritos oficiales -entre m\u00e9dicos legistas, un cardi\u00f3logo, dos psiquiatras, un toxic\u00f3logo, un nefr\u00f3logo y un hepat\u00f3logo- as\u00ed como peritos de la defensa y de la querella.<\/p>\n<p>Seg\u00fan qued\u00f3 demostrado en el juicio, los m\u00e9dicos a cargo de la salud de Maradona eran el neurocirujano Leopoldo Luque y la psiquiatra Agustina Cosachov, ambos acusados.<\/p>\n<p>A partir de este jueves, el tribunal escuchar\u00e1 a los peritos de la junta m\u00e9dica aportados por estos acusados, as\u00ed como otros testigos presentados por el resto de las defensas.<\/p>\n<p>Adem\u00e1s de Luque y Cosachov, son juzgados en este proceso la coordinadora del \u00e1rea de cuidados domiciliarios de Swiss Medical Nancy Forlini; el psic\u00f3logo Carlos D\u00edaz; el m\u00e9dico Pedro Di Spagna; el coordinador de enfermeros Mariano Perroni; y el enfermero Ricardo Almir\u00f3n; todos acusados del delito de homicidio simple con dolo eventual.<\/p>\n<p>\u00a0<\/p>\n<p>La entrada <a href=\"https:\/\/elnuevodiario.com.do\/el-juicio-por-la-muerte-de-maradona-entra-en-la-recta-final-con-los-testigos-de-la-defensa\/\">El juicio por la muerte de Maradona entra en la recta final con los testigos de la defensa<\/a> se public\u00f3 primero en <a href=\"https:\/\/elnuevodiario.com.do\">El Nuevo Diario (Rep\u00fablica Dominicana)<\/a>.<\/p>\n","protected":false},"excerpt":{"rendered":"BUENOS AIRES. \u2013 El juicio por la muerte de Diego Armando Maradona&hellip;\n","protected":false},"author":1,"featured_media":67048,"comment_status":"open","ping_status":"open","sticky":false,"template":"","format":"standard","meta":{"footnotes":""},"categories":[2],"tags":[],"class_list":["post-67047","post","type-post","status-publish","format-standard","has-post-thumbnail","category-deporte"],"_links":{"self":[{"href":"https:\/\/acronoticias.com\/index.php\/wp-json\/wp\/v2\/posts\/67047","targetHints":{"allow":["GET"]}}],"collection":[{"href":"https:\/\/acronoticias.com\/index.php\/wp-json\/wp\/v2\/posts"}],"about":[{"href":"https:\/\/acronoticias.com\/index.php\/wp-json\/wp\/v2\/types\/post"}],"author":[{"embeddable":true,"href":"https:\/\/acronoticias.com\/index.php\/wp-json\/wp\/v2\/users\/1"}],"replies":[{"embeddable":true,"href":"https:\/\/acronoticias.com\/index.php\/wp-json\/wp\/v2\/comments?post=67047"}],"version-history":[{"count":0,"href":"https:\/\/acronoticias.com\/index.php\/wp-json\/wp\/v2\/posts\/67047\/revisions"}],"wp:featuredmedia":[{"embeddable":true,"href":"https:\/\/acronoticias.com\/index.php\/wp-json\/wp\/v2\/media\/67048"}],"wp:attachment":[{"href":"https:\/\/acronoticias.com\/index.php\/wp-json\/wp\/v2\/media?parent=67047"}],"wp:term":[{"taxonomy":"category","embeddable":true,"href":"https:\/\/acronoticias.com\/index.php\/wp-json\/wp\/v2\/categories?post=67047"},{"taxonomy":"post_tag","embeddable":true,"href":"https:\/\/acronoticias.com\/index.php\/wp-json\/wp\/v2\/tags?post=67047"}],"curies":[{"name":"wp","href":"https:\/\/api.w.org\/{rel}","templated":true}]}}