{"id":67043,"date":"2026-09-03T07:51:09","date_gmt":"2026-09-03T07:51:09","guid":{"rendered":"https:\/\/acronoticias.com\/index.php\/2026\/09\/03\/dgspc-investiga-fallecimiento-de-privado-de-libertad-del-ccr-las-parras\/"},"modified":"2026-09-03T07:51:09","modified_gmt":"2026-09-03T07:51:09","slug":"dgspc-investiga-fallecimiento-de-privado-de-libertad-del-ccr-las-parras","status":"publish","type":"post","link":"https:\/\/acronoticias.com\/index.php\/2026\/09\/03\/dgspc-investiga-fallecimiento-de-privado-de-libertad-del-ccr-las-parras\/","title":{"rendered":"DGSPC investiga fallecimiento de privado de libertad del CCR Las Parras"},"content":{"rendered":"<div data-td-block-uid=\"tdi_100\">\n<div class=\"tdb-block-inner td-fix-index\">\n<p class=\"wp-block-paragraph\">SANTO DOMINGO (Rep\u00fablica Dominicana).\u2013 La Direcci\u00f3n General de Servicios Penitenciarios y Correccionales (DGSPC) inform\u00f3 que investiga la denuncia realizada por una madre sobre el fallecimiento de su hijo, Juan Carlos Peralta, quien se encontraba alojado en el Centro de Correcci\u00f3n y Rehabilitaci\u00f3n (CCR) Las Parras.<\/p>\n<p class=\"wp-block-paragraph\">La instituci\u00f3n explic\u00f3 que este lunes el privado de libertad fue trasladado en una unidad del Sistema Nacional de Atenci\u00f3n a Emergencias y Seguridad 9-1-1 al Hospital Municipal Elvira Echavarr\u00eda Viuda Castillo, en San Antonio de Guerra, donde falleci\u00f3 mientras recib\u00eda atenciones m\u00e9dicas.<\/p>\n<p class=\"wp-block-paragraph\">Seg\u00fan el certificado de defunci\u00f3n emitido por el centro de salud al que fue llevado, la causa de la muerte de Peralta, de 30 a\u00f1os de edad, fue un accidente cerebrovascular, infarto agudo de miocardio y fallo multiorg\u00e1nico.<\/p>\n<p class=\"wp-block-paragraph\">Peralta, quien fue trasladado desde la Penitenciar\u00eda Nacional de La Victoria al CCR Las Parras el pasado 16 de julio, estaba condenado a tres a\u00f1os de prisi\u00f3n por violar los art\u00edculos 330, 331 y 333 de la Ley n\u00fam. 24-97, as\u00ed como la Ley n\u00fam. 136-03.<\/p>\n<\/div>\n<\/div>\n","protected":false},"excerpt":{"rendered":"SANTO DOMINGO (Rep\u00fablica Dominicana).\u2013 La Direcci\u00f3n General de Servicios Penitenciarios y Correccionales&hellip;\n","protected":false},"author":1,"featured_media":67044,"comment_status":"open","ping_status":"open","sticky":false,"template":"","format":"standard","meta":{"footnotes":""},"categories":[1],"tags":[],"class_list":["post-67043","post","type-post","status-publish","format-standard","has-post-thumbnail","category-nacionales"],"_links":{"self":[{"href":"https:\/\/acronoticias.com\/index.php\/wp-json\/wp\/v2\/posts\/67043","targetHints":{"allow":["GET"]}}],"collection":[{"href":"https:\/\/acronoticias.com\/index.php\/wp-json\/wp\/v2\/posts"}],"about":[{"href":"https:\/\/acronoticias.com\/index.php\/wp-json\/wp\/v2\/types\/post"}],"author":[{"embeddable":true,"href":"https:\/\/acronoticias.com\/index.php\/wp-json\/wp\/v2\/users\/1"}],"replies":[{"embeddable":true,"href":"https:\/\/acronoticias.com\/index.php\/wp-json\/wp\/v2\/comments?post=67043"}],"version-history":[{"count":0,"href":"https:\/\/acronoticias.com\/index.php\/wp-json\/wp\/v2\/posts\/67043\/revisions"}],"wp:featuredmedia":[{"embeddable":true,"href":"https:\/\/acronoticias.com\/index.php\/wp-json\/wp\/v2\/media\/67044"}],"wp:attachment":[{"href":"https:\/\/acronoticias.com\/index.php\/wp-json\/wp\/v2\/media?parent=67043"}],"wp:term":[{"taxonomy":"category","embeddable":true,"href":"https:\/\/acronoticias.com\/index.php\/wp-json\/wp\/v2\/categories?post=67043"},{"taxonomy":"post_tag","embeddable":true,"href":"https:\/\/acronoticias.com\/index.php\/wp-json\/wp\/v2\/tags?post=67043"}],"curies":[{"name":"wp","href":"https:\/\/api.w.org\/{rel}","templated":true}]}}