{"id":67039,"date":"2026-09-03T07:18:44","date_gmt":"2026-09-03T07:18:44","guid":{"rendered":"https:\/\/acronoticias.com\/index.php\/2026\/09\/03\/apresan-pescador-que-mato-una-mantarraya-en-las-terrenas-tras-denuncia-en-redes\/"},"modified":"2026-09-03T07:18:44","modified_gmt":"2026-09-03T07:18:44","slug":"apresan-pescador-que-mato-una-mantarraya-en-las-terrenas-tras-denuncia-en-redes","status":"publish","type":"post","link":"https:\/\/acronoticias.com\/index.php\/2026\/09\/03\/apresan-pescador-que-mato-una-mantarraya-en-las-terrenas-tras-denuncia-en-redes\/","title":{"rendered":"Apresan pescador que mat\u00f3 una mantarraya en Las Terrenas tras denuncia en redes"},"content":{"rendered":"<div data-td-block-uid=\"tdi_100\">\n<div class=\"tdb-block-inner td-fix-index\">\n<p class=\"wp-block-paragraph\">LAS TERRENAS, Saman\u00e1.\u2013 Un pescador se\u00f1alado como el responsable de matar a una mantarraya en Las Terrenas fue arrestado en un operativo conjunto del Ministerio de Medio Ambiente, el Consejo Dominicano de Pesca y Acuicultura (Codopesca) y la Armada de Rep\u00fablica Dominicana, luego de que el caso fuera denunciado a trav\u00e9s de las redes sociales.<\/p>\n<p class=\"wp-block-paragraph\">La captura se produjo tras la activaci\u00f3n de una investigaci\u00f3n ordenada al difundirse las im\u00e1genes del ataque a la especie marina, seg\u00fan informaron las autoridades.<\/p>\n<p class=\"wp-block-paragraph\">El ministro de Medio Ambiente y Recursos Naturales, Pa\u00edno Henr\u00edquez, valor\u00f3 la colaboraci\u00f3n ciudadana en la denuncia de delitos ambientales y sostuvo que la protecci\u00f3n de la biodiversidad marina es una responsabilidad compartida entre la poblaci\u00f3n y las instituciones del Estado.<\/p>\n<p class=\"wp-block-paragraph\">Por su parte, el director local de Medio Ambiente en Las Terrenas, Raylian Adames, indic\u00f3 que la entidad prioriza la educaci\u00f3n y orientaci\u00f3n de los pescadores sobre la conservaci\u00f3n marina, pero advirti\u00f3 que aplicar\u00e1n el r\u00e9gimen de consecuencias legal contra quienes vulneren las normativas ambientales.<\/p>\n<p class=\"wp-block-paragraph\">Las autoridades reiteraron el llamado a la ciudadan\u00eda para reportar acciones que pongan en peligro los recursos naturales y reafirmaron que mantendr\u00e1n la vigilancia e inspecci\u00f3n en toda la zona costera.<\/p>\n<\/div>\n<\/div>\n","protected":false},"excerpt":{"rendered":"LAS TERRENAS, Saman\u00e1.\u2013 Un pescador se\u00f1alado como el responsable de matar a&hellip;\n","protected":false},"author":1,"featured_media":67040,"comment_status":"open","ping_status":"open","sticky":false,"template":"","format":"standard","meta":{"footnotes":""},"categories":[1],"tags":[],"class_list":["post-67039","post","type-post","status-publish","format-standard","has-post-thumbnail","category-nacionales"],"_links":{"self":[{"href":"https:\/\/acronoticias.com\/index.php\/wp-json\/wp\/v2\/posts\/67039","targetHints":{"allow":["GET"]}}],"collection":[{"href":"https:\/\/acronoticias.com\/index.php\/wp-json\/wp\/v2\/posts"}],"about":[{"href":"https:\/\/acronoticias.com\/index.php\/wp-json\/wp\/v2\/types\/post"}],"author":[{"embeddable":true,"href":"https:\/\/acronoticias.com\/index.php\/wp-json\/wp\/v2\/users\/1"}],"replies":[{"embeddable":true,"href":"https:\/\/acronoticias.com\/index.php\/wp-json\/wp\/v2\/comments?post=67039"}],"version-history":[{"count":0,"href":"https:\/\/acronoticias.com\/index.php\/wp-json\/wp\/v2\/posts\/67039\/revisions"}],"wp:featuredmedia":[{"embeddable":true,"href":"https:\/\/acronoticias.com\/index.php\/wp-json\/wp\/v2\/media\/67040"}],"wp:attachment":[{"href":"https:\/\/acronoticias.com\/index.php\/wp-json\/wp\/v2\/media?parent=67039"}],"wp:term":[{"taxonomy":"category","embeddable":true,"href":"https:\/\/acronoticias.com\/index.php\/wp-json\/wp\/v2\/categories?post=67039"},{"taxonomy":"post_tag","embeddable":true,"href":"https:\/\/acronoticias.com\/index.php\/wp-json\/wp\/v2\/tags?post=67039"}],"curies":[{"name":"wp","href":"https:\/\/api.w.org\/{rel}","templated":true}]}}