{"id":67035,"date":"2026-09-03T07:02:36","date_gmt":"2026-09-03T07:02:36","guid":{"rendered":"https:\/\/acronoticias.com\/index.php\/2026\/09\/03\/delitos-contra-parques-nacionales-y-agua-seran-perseguidos-como-terrorismo-con-penas-de-hasta-30-anos\/"},"modified":"2026-09-03T07:02:36","modified_gmt":"2026-09-03T07:02:36","slug":"delitos-contra-parques-nacionales-y-agua-seran-perseguidos-como-terrorismo-con-penas-de-hasta-30-anos","status":"publish","type":"post","link":"https:\/\/acronoticias.com\/index.php\/2026\/09\/03\/delitos-contra-parques-nacionales-y-agua-seran-perseguidos-como-terrorismo-con-penas-de-hasta-30-anos\/","title":{"rendered":"Delitos contra parques nacionales y agua ser\u00e1n perseguidos como terrorismo con penas de hasta 30 a\u00f1os"},"content":{"rendered":"<div data-td-block-uid=\"tdi_100\">\n<div class=\"tdb-block-inner td-fix-index\">\n<p class=\"wp-block-paragraph\"><strong>SANTO DOMINGO.<\/strong>\u2013 El presidente de la Rep\u00fablica, Luis Abinader, oficializ\u00f3 este mi\u00e9rcoles el Decreto 615-26, mediante el cual se declara de alto inter\u00e9s nacional y prioridad estrat\u00e9gica para la seguridad del Estado la prevenci\u00f3n, detecci\u00f3n, investigaci\u00f3n y combate del terrorismo medioambiental en todo el territorio dominicano.<\/p>\n<p class=\"wp-block-paragraph\">La disposici\u00f3n ejecutiva establece que las agresiones deliberadas contra \u00e1reas protegidas, cuencas hidrogr\u00e1ficas, acu\u00edferos, bosques, manglares y sistemas de agua potable ser\u00e1n abordadas como amenazas a la seguridad nacional, tipificadas bajo el marco de la Ley 267-08 sobre Terrorismo y el nuevo C\u00f3digo Penal, cuyas sanciones contemplan penas de entre 20 y 30 a\u00f1os de prisi\u00f3n.<\/p>\n<figure class=\"wp-block-image size-large\"><img data-recalc-dims=\"1\" fetchpriority=\"high\" decoding=\"async\" width=\"696\" height=\"392\" data-attachment-id=\"524323\" data-permalink=\"https:\/\/rnn.com.do\/delitos-contra-parques-nacionales-y-agua-seran-perseguidos-como-terrorismo-con-penas-de-hasta-30-anos\/captura-de-pantalla-2026ddd-09-02-163031dd-2\/\" data-orig-file=\"https:\/\/i0.wp.com\/rnn.com.do\/wp-content\/uploads\/2026\/09\/Captura-de-pantalla-2026ddd-09-02-163031dd-1.png?fit=1320%2C744&ssl=1\" data-orig-size=\"1320,744\" data-comments-opened=\"1\" data-image-meta=\"{&quot;aperture&quot;:&quot;0&quot;,&quot;credit&quot;:&quot;&quot;,&quot;camera&quot;:&quot;&quot;,&quot;caption&quot;:&quot;&quot;,&quot;created_timestamp&quot;:&quot;0&quot;,&quot;copyright&quot;:&quot;&quot;,&quot;focal_length&quot;:&quot;0&quot;,&quot;iso&quot;:&quot;0&quot;,&quot;shutter_speed&quot;:&quot;0&quot;,&quot;title&quot;:&quot;&quot;,&quot;orientation&quot;:&quot;0&quot;,&quot;alt&quot;:&quot;&quot;}\" data-image-title=\"Captura de pantalla 2026ddd-09-02 163031dd\" data-image-description=\"\" data-image-caption=\"\" data-large-file=\"https:\/\/i0.wp.com\/rnn.com.do\/wp-content\/uploads\/2026\/09\/Captura-de-pantalla-2026ddd-09-02-163031dd-1.png?fit=696%2C392&ssl=1\" src=\"https:\/\/i0.wp.com\/rnn.com.do\/wp-content\/uploads\/2026\/09\/Captura-de-pantalla-2026ddd-09-02-163031dd-1.png?resize=696%2C392&ssl=1\" alt=\"\" class=\"wp-image-524323\" srcset=\"https:\/\/i0.wp.com\/rnn.com.do\/wp-content\/uploads\/2026\/09\/Captura-de-pantalla-2026ddd-09-02-163031dd-1.png?resize=1024%2C577&ssl=1 1024w, https:\/\/i0.wp.com\/rnn.com.do\/wp-content\/uploads\/2026\/09\/Captura-de-pantalla-2026ddd-09-02-163031dd-1.png?resize=300%2C169&ssl=1 300w, https:\/\/i0.wp.com\/rnn.com.do\/wp-content\/uploads\/2026\/09\/Captura-de-pantalla-2026ddd-09-02-163031dd-1.png?resize=768%2C433&ssl=1 768w, https:\/\/i0.wp.com\/rnn.com.do\/wp-content\/uploads\/2026\/09\/Captura-de-pantalla-2026ddd-09-02-163031dd-1.png?resize=745%2C420&ssl=1 745w, https:\/\/i0.wp.com\/rnn.com.do\/wp-content\/uploads\/2026\/09\/Captura-de-pantalla-2026ddd-09-02-163031dd-1.png?resize=150%2C85&ssl=1 150w, https:\/\/i0.wp.com\/rnn.com.do\/wp-content\/uploads\/2026\/09\/Captura-de-pantalla-2026ddd-09-02-163031dd-1.png?resize=696%2C392&ssl=1 696w, https:\/\/i0.wp.com\/rnn.com.do\/wp-content\/uploads\/2026\/09\/Captura-de-pantalla-2026ddd-09-02-163031dd-1.png?resize=1068%2C602&ssl=1 1068w, https:\/\/i0.wp.com\/rnn.com.do\/wp-content\/uploads\/2026\/09\/Captura-de-pantalla-2026ddd-09-02-163031dd-1.png?w=1320&ssl=1 1320w\" sizes=\"(max-width: 696px) 100vw, 696px\"\/><\/figure>\n<p class=\"wp-block-paragraph\">Durante una rueda de prensa en el Palacio Nacional, el ministro de Medio Ambiente y Recursos Naturales, Pa\u00edno Henr\u00edquez, enfatiz\u00f3 que la medida pone fin a la consideraci\u00f3n de los il\u00edcitos ecol\u00f3gicos como faltas menores. <\/p>\n<p class=\"wp-block-paragraph\">El funcionario precis\u00f3 que el decreto incorpora al Comit\u00e9 Nacional Antiterrorista y a la Direcci\u00f3n Nacional Antiterrorista en las labores de prevenci\u00f3n y neutralizaci\u00f3n de estas estructuras en coordinaci\u00f3n con las Fuerzas Armadas y los organismos de inteligencia.<\/p>\n<p class=\"wp-block-paragraph\">Por su parte, el presidente Abinader advirti\u00f3 que la pol\u00edtica de persecuci\u00f3n se aplicar\u00e1 sin distinci\u00f3n contra ciudadanos dominicanos o extranjeros que promuevan o ejecuten depredaciones, deforestaci\u00f3n e incendios provocado en las reservas naturales. <\/p>\n<p class=\"wp-block-paragraph\">Asimismo, el jefe de Estado instruy\u00f3 al Ministerio de Defensa, a la Polic\u00eda Nacional y a la Direcci\u00f3n General de Migraci\u00f3n a articular fuerzas de tarea conjuntas para resguardar el patrimonio ecol\u00f3gico del pa\u00eds.<\/p>\n<p class=\"wp-block-paragraph\">El decreto ordena adem\u00e1s la habilitaci\u00f3n de plataformas tecnol\u00f3gicas confidenciales para garantizar la denuncia ciudadana segura y dispone que la persecuci\u00f3n penal de estos delitos permanezca bajo la jurisdicci\u00f3n exclusiva del Ministerio P\u00fablico.<\/p>\n<figure class=\"wp-block-embed is-type-video is-provider-youtube wp-block-embed-youtube wp-embed-aspect-4-3 wp-has-aspect-ratio\">\n<div class=\"wp-block-embed__wrapper\">\n<p><iframe loading=\"lazy\" title=\"Rueda de Prensa - Declaratoria de alto inter\u00e9s nacional &quot;El combate al terrorismo medioambiental&quot;.\" width=\"1200\" height=\"900\" src=\"https:\/\/www.youtube.com\/embed\/kpkLkKxnuB4?feature=oembed\" frameborder=\"0\" allow=\"accelerometer; autoplay; clipboard-write; encrypted-media; gyroscope; picture-in-picture; web-share\" referrerpolicy=\"strict-origin-when-cross-origin\" allowfullscreen><\/iframe><\/p>\n<\/div>\n<\/figure>\n<\/div>\n<\/div>\n","protected":false},"excerpt":{"rendered":"SANTO DOMINGO.\u2013 El presidente de la Rep\u00fablica, Luis Abinader, oficializ\u00f3 este mi\u00e9rcoles&hellip;\n","protected":false},"author":1,"featured_media":67036,"comment_status":"open","ping_status":"open","sticky":false,"template":"","format":"standard","meta":{"footnotes":""},"categories":[1],"tags":[],"class_list":["post-67035","post","type-post","status-publish","format-standard","has-post-thumbnail","category-nacionales"],"_links":{"self":[{"href":"https:\/\/acronoticias.com\/index.php\/wp-json\/wp\/v2\/posts\/67035","targetHints":{"allow":["GET"]}}],"collection":[{"href":"https:\/\/acronoticias.com\/index.php\/wp-json\/wp\/v2\/posts"}],"about":[{"href":"https:\/\/acronoticias.com\/index.php\/wp-json\/wp\/v2\/types\/post"}],"author":[{"embeddable":true,"href":"https:\/\/acronoticias.com\/index.php\/wp-json\/wp\/v2\/users\/1"}],"replies":[{"embeddable":true,"href":"https:\/\/acronoticias.com\/index.php\/wp-json\/wp\/v2\/comments?post=67035"}],"version-history":[{"count":0,"href":"https:\/\/acronoticias.com\/index.php\/wp-json\/wp\/v2\/posts\/67035\/revisions"}],"wp:featuredmedia":[{"embeddable":true,"href":"https:\/\/acronoticias.com\/index.php\/wp-json\/wp\/v2\/media\/67036"}],"wp:attachment":[{"href":"https:\/\/acronoticias.com\/index.php\/wp-json\/wp\/v2\/media?parent=67035"}],"wp:term":[{"taxonomy":"category","embeddable":true,"href":"https:\/\/acronoticias.com\/index.php\/wp-json\/wp\/v2\/categories?post=67035"},{"taxonomy":"post_tag","embeddable":true,"href":"https:\/\/acronoticias.com\/index.php\/wp-json\/wp\/v2\/tags?post=67035"}],"curies":[{"name":"wp","href":"https:\/\/api.w.org\/{rel}","templated":true}]}}