{"id":67033,"date":"2026-09-03T07:00:38","date_gmt":"2026-09-03T07:00:38","guid":{"rendered":"https:\/\/acronoticias.com\/index.php\/2026\/09\/03\/que-ve-la-multitud-ante-la-tragedia\/"},"modified":"2026-09-03T07:00:38","modified_gmt":"2026-09-03T07:00:38","slug":"que-ve-la-multitud-ante-la-tragedia","status":"publish","type":"post","link":"https:\/\/acronoticias.com\/index.php\/2026\/09\/03\/que-ve-la-multitud-ante-la-tragedia\/","title":{"rendered":"\u00bfQu\u00e9 ve la multitud ante la tragedia?"},"content":{"rendered":"<div>\n<p>                                                                                            <!-- --><\/p>\n<p class=\"paragraph\"><b>Por\u00a0Miguel Aristy Rodr\u00edguez<\/b><\/p>\n<p class=\"paragraph\">HOY ha vuelto sobre una pregunta que hab\u00edamos dejado abierta: Cuando se intenta llegar al fondo de una conducta, \u00bfhay realmente un \u00fanico fondo? El trabajo de <b>Hainan Reynoso<\/b> busca ahora la respuesta con un psic\u00f3logo social y un soci\u00f3logo. Aparecen palabras como la desindividualizaci\u00f3n, el contagio emocional, el anonimato, la impunidad y el aprendizaje social.<\/p>\n<p class=\"paragraph\">Hay, sin embargo, un hecho que merece detener la b\u00fasqueda. Veamos:  <b>Un cami\u00f3n vuelca<\/b>. Hay mercanc\u00edas esparcidas y posiblemente personas que necesitan auxilio. Unos corren hacia la carga; otros hacia los heridos. La sensibilidad recibi\u00f3 la misma escena.                            \u00bfQu\u00e9 ocurri\u00f3 despu\u00e9s? Puede haberse adelantado una respuesta autom\u00e1tica, no pensada: ventaja.<\/p>\n<p class=\"paragraph\">Alguien toma una caja. Otro comprueba que puede hacerlo. Lo que era mercanc\u00eda ajena aparece ahora como oportunidad. Cinco lo hacen; despu\u00e9s diez; despu\u00e9s veinte. El propio art\u00edculo describe esa transformaci\u00f3n.<\/p>\n<p class=\"paragraph\">Entonces cabe invertir parcialmente el hecho: primero la observaci\u00f3n y despu\u00e9s la explicaci\u00f3n,  quiz\u00e1 no sea primero la multitud la que produce la conducta. De hecho la ense\u00f1anza condiciona para funcionar por impulso, sin raciocinio: Una conducta que aparece promisoria encuentra en la multitud, acostumbrada, el medio para reproducirse. El contagio ser\u00eda entonces tambi\u00e9n consecuencia.                Esto ayuda a comprender por qu\u00e9 no todos siguen a la multitud. En la misma escena hay otro modelo disponible: alguien auxilia al accidentado. Pero la respuesta autom\u00e1tica que ya se adelant\u00f3 encuentra y sigue aquello que coincide con ella.<\/p>\n<p class=\"paragraph\">Bandura, citado en el art\u00edculo, mostr\u00f3 la enorme fuerza del aprendizaje mediante modelos. La pregunta puede colocarse todav\u00eda un instante antes: \u00bfPor qu\u00e9 un modelo es seguido y otro no?                                                     Antes de valores, explicaciones y decisiones est\u00e1n los condicionamientos y la sensibilidad que no est\u00e1 condicionada. No elige. Recibe el incendio, la mercanc\u00eda, el peligro, la multitud y al otro.<\/p>\n<p class=\"paragraph\">No necesita <b>\u00abponerse en los zapatos del otro\u00bb<\/b>. El otro ya est\u00e1 ah\u00ed.<\/p>\n<p class=\"paragraph\">Pero si una respuesta autom\u00e1tica se adelanta \u2014ventaja, temor, imitaci\u00f3n, inter\u00e9s\u2014, lo recibido queda reducido a aquello que esta respuesta utiliza.<\/p>\n<p class=\"paragraph\">Quiz\u00e1 por eso seguimos buscando el fondo y encontramos siempre otra explicaci\u00f3n. El fondo podr\u00eda no ser otra explicaci\u00f3n. Podr\u00eda comenzar justamente con los reflejos r\u00e1pidos,  antes de que lo conocido explique, seleccione y responda por nosotros.<\/p>\n<p class=\"paragraph\">(El autor es neur\u00f3logo-psiquiatra y fil\u00f3sofo conductual).<\/p>\n<div class=\"c-detail__box \">\n<article class=\"c-detail__sumario \">\n<figure class=\"c-detail__sumario__thumb\" style=\"display: block;\">\n            <a href=\"#\" title=\"\">\n                <picture data-size=\"w:140,h:140\" loading=\"lazy\" src=\"https:\/\/imagenes.hoy.com.do\/files\/related_image\/uploads\/2026\/09\/02\/6a98c34d7e648.jpeg\" data-full-src=\"https:\/\/imagenes.hoy.com.do\/uploads\/2026\/09\/02\/6a98c34d7e648.jpeg\">\n                    <img loading=\"lazy\" decoding=\"async\" width=\"140\" height=\"140\" alt=\"La Polic\u00eda realiz\u00f3 un allanamiento en Bayaguana y arrest\u00f3 a dos personas.\" src=\"https:\/\/imagenes.hoy.com.do\/uploads\/2026\/09\/02\/6a98c34d7e648.jpeg\"\/>\n                <\/picture>\n            <\/a><br \/>\n        <\/figure>\n<\/article>\n<\/div>\n<\/div>\n","protected":false},"excerpt":{"rendered":"Por\u00a0Miguel Aristy Rodr\u00edguez HOY ha vuelto sobre una pregunta que hab\u00edamos dejado&hellip;\n","protected":false},"author":1,"featured_media":67034,"comment_status":"open","ping_status":"open","sticky":false,"template":"","format":"standard","meta":{"footnotes":""},"categories":[3],"tags":[],"class_list":["post-67033","post","type-post","status-publish","format-standard","has-post-thumbnail","category-internacionales"],"_links":{"self":[{"href":"https:\/\/acronoticias.com\/index.php\/wp-json\/wp\/v2\/posts\/67033","targetHints":{"allow":["GET"]}}],"collection":[{"href":"https:\/\/acronoticias.com\/index.php\/wp-json\/wp\/v2\/posts"}],"about":[{"href":"https:\/\/acronoticias.com\/index.php\/wp-json\/wp\/v2\/types\/post"}],"author":[{"embeddable":true,"href":"https:\/\/acronoticias.com\/index.php\/wp-json\/wp\/v2\/users\/1"}],"replies":[{"embeddable":true,"href":"https:\/\/acronoticias.com\/index.php\/wp-json\/wp\/v2\/comments?post=67033"}],"version-history":[{"count":0,"href":"https:\/\/acronoticias.com\/index.php\/wp-json\/wp\/v2\/posts\/67033\/revisions"}],"wp:featuredmedia":[{"embeddable":true,"href":"https:\/\/acronoticias.com\/index.php\/wp-json\/wp\/v2\/media\/67034"}],"wp:attachment":[{"href":"https:\/\/acronoticias.com\/index.php\/wp-json\/wp\/v2\/media?parent=67033"}],"wp:term":[{"taxonomy":"category","embeddable":true,"href":"https:\/\/acronoticias.com\/index.php\/wp-json\/wp\/v2\/categories?post=67033"},{"taxonomy":"post_tag","embeddable":true,"href":"https:\/\/acronoticias.com\/index.php\/wp-json\/wp\/v2\/tags?post=67033"}],"curies":[{"name":"wp","href":"https:\/\/api.w.org\/{rel}","templated":true}]}}