{"id":67031,"date":"2026-09-03T06:46:44","date_gmt":"2026-09-03T06:46:44","guid":{"rendered":"https:\/\/acronoticias.com\/index.php\/2026\/09\/03\/republica-dominicana-se-adhiere-a-la-declaracion-de-consenso-de-ginebra-sobre-la-salud-de-la-mujer-y-la-familia\/"},"modified":"2026-09-03T06:46:44","modified_gmt":"2026-09-03T06:46:44","slug":"republica-dominicana-se-adhiere-a-la-declaracion-de-consenso-de-ginebra-sobre-la-salud-de-la-mujer-y-la-familia","status":"publish","type":"post","link":"https:\/\/acronoticias.com\/index.php\/2026\/09\/03\/republica-dominicana-se-adhiere-a-la-declaracion-de-consenso-de-ginebra-sobre-la-salud-de-la-mujer-y-la-familia\/","title":{"rendered":"Rep\u00fablica Dominicana se adhiere a la Declaraci\u00f3n de Consenso de Ginebra sobre la salud de la mujer y la familia"},"content":{"rendered":"<div data-td-block-uid=\"tdi_100\">\n<div class=\"tdb-block-inner td-fix-index\">\n<p class=\"wp-block-paragraph\"><strong>Santo Domingo.<\/strong> \u2014 El Gobierno de la Rep\u00fablica Dominicana formaliz\u00f3 su incorporaci\u00f3n a la Declaraci\u00f3n de Consenso de Ginebra sobre la Promoci\u00f3n de la Salud de la Mujer y el Fortalecimiento de la Familia, mediante un acuerdo firmado por el ministro de Relaciones Exteriores, V\u00edctor \u00abIto\u00bb Bison\u00f3 Haza, y la embajadora de Estados Unidos en el pa\u00eds, Leah Francis Campos.<\/p>\n<p class=\"wp-block-paragraph\">La firma del instrumento ratifica el compromiso del Estado dominicano con la igualdad de oportunidades para mujeres y ni\u00f1as, la defensa de la vida, el fortalecimiento del n\u00facleo familiar y la protecci\u00f3n de la soberan\u00eda nacional en la formulaci\u00f3n de pol\u00edticas p\u00fablicas de salud e inclusi\u00f3n.<\/p>\n<p class=\"wp-block-paragraph\">Durante el acto de suscripci\u00f3n en el Ministerio de Relaciones Exteriores, el canciller Bison\u00f3 destac\u00f3 que la adhesi\u00f3n reafirma los principios de la Constituci\u00f3n dominicana respecto al derecho soberano de cada naci\u00f3n para definir sus marcos legales. Por su parte, la representaci\u00f3n diplom\u00e1tica estadounidense valor\u00f3 la integraci\u00f3n del pa\u00eds como un impulso estrat\u00e9gico a la coalici\u00f3n internacional creada originalmente en 2020.<\/p>\n<p class=\"wp-block-paragraph\">Con este acuerdo, la Rep\u00fablica Dominicana se compromete a coordinar acciones multilaterales orientadas a ampliar la cobertura sanitaria de mujeres y ni\u00f1os en vulnerabilidad, impulsar pol\u00edticas p\u00fablicas favorables a la familia y promover el desarrollo integral de la mujer en los \u00e1mbitos pol\u00edtico, econ\u00f3mico y social.<\/p>\n<\/div>\n<\/div>\n","protected":false},"excerpt":{"rendered":"Santo Domingo. \u2014 El Gobierno de la Rep\u00fablica Dominicana formaliz\u00f3 su incorporaci\u00f3n&hellip;\n","protected":false},"author":1,"featured_media":67032,"comment_status":"open","ping_status":"open","sticky":false,"template":"","format":"standard","meta":{"footnotes":""},"categories":[1],"tags":[],"class_list":["post-67031","post","type-post","status-publish","format-standard","has-post-thumbnail","category-nacionales"],"_links":{"self":[{"href":"https:\/\/acronoticias.com\/index.php\/wp-json\/wp\/v2\/posts\/67031","targetHints":{"allow":["GET"]}}],"collection":[{"href":"https:\/\/acronoticias.com\/index.php\/wp-json\/wp\/v2\/posts"}],"about":[{"href":"https:\/\/acronoticias.com\/index.php\/wp-json\/wp\/v2\/types\/post"}],"author":[{"embeddable":true,"href":"https:\/\/acronoticias.com\/index.php\/wp-json\/wp\/v2\/users\/1"}],"replies":[{"embeddable":true,"href":"https:\/\/acronoticias.com\/index.php\/wp-json\/wp\/v2\/comments?post=67031"}],"version-history":[{"count":0,"href":"https:\/\/acronoticias.com\/index.php\/wp-json\/wp\/v2\/posts\/67031\/revisions"}],"wp:featuredmedia":[{"embeddable":true,"href":"https:\/\/acronoticias.com\/index.php\/wp-json\/wp\/v2\/media\/67032"}],"wp:attachment":[{"href":"https:\/\/acronoticias.com\/index.php\/wp-json\/wp\/v2\/media?parent=67031"}],"wp:term":[{"taxonomy":"category","embeddable":true,"href":"https:\/\/acronoticias.com\/index.php\/wp-json\/wp\/v2\/categories?post=67031"},{"taxonomy":"post_tag","embeddable":true,"href":"https:\/\/acronoticias.com\/index.php\/wp-json\/wp\/v2\/tags?post=67031"}],"curies":[{"name":"wp","href":"https:\/\/api.w.org\/{rel}","templated":true}]}}