{"id":67027,"date":"2026-09-03T06:14:37","date_gmt":"2026-09-03T06:14:37","guid":{"rendered":"https:\/\/acronoticias.com\/index.php\/2026\/09\/03\/casa-libros-rd-presentara-el-conversatorio-vino-tinta-con-el-poeta-jose-angel-bratini\/"},"modified":"2026-09-03T06:14:37","modified_gmt":"2026-09-03T06:14:37","slug":"casa-libros-rd-presentara-el-conversatorio-vino-tinta-con-el-poeta-jose-angel-bratini","status":"publish","type":"post","link":"https:\/\/acronoticias.com\/index.php\/2026\/09\/03\/casa-libros-rd-presentara-el-conversatorio-vino-tinta-con-el-poeta-jose-angel-bratini\/","title":{"rendered":"Casa Libros RD presentar\u00e1 el conversatorio \u00abVino &#038; Tinta\u00bb con el poeta Jos\u00e9 \u00c1ngel Bratini"},"content":{"rendered":"<div data-td-block-uid=\"tdi_100\">\n<div class=\"tdb-block-inner td-fix-index\">\n<p class=\"wp-block-paragraph\">SANTO DOMINGO.\u2013 El Centro Cultural Casa Libros RD albergar\u00e1 el pr\u00f3ximo viernes 25 de septiembre el encuentro literario \u00abVino & Tinta: Conversaciones que dejan huella\u00bb, el cual contar\u00e1 con la participaci\u00f3n del poeta, ensayista y periodista dominicano Jos\u00e9 \u00c1ngel Bratini.<\/p>\n<p class=\"wp-block-paragraph\">Durante la actividad, pautada para las 6:00 de la tarde, se abordar\u00e1n diversos aspectos de la obra Teor\u00eda del cielo, una entrega po\u00e9tica concebida como un tratado sobre la transmutaci\u00f3n del ser, la b\u00fasqueda de trascendencia y la persistencia de la palabra.<\/p>\n<figure class=\"wp-block-image size-large\"><img data-recalc-dims=\"1\" fetchpriority=\"high\" decoding=\"async\" width=\"696\" height=\"696\" data-attachment-id=\"524338\" data-permalink=\"https:\/\/rnn.com.do\/casa-libros-rd-presentara-el-conversatorio-vino-tinta-con-el-poeta-jose-angel-bratini\/whatsapp-image-2026-09-02-at-7-01-49-pm\/\" data-orig-file=\"https:\/\/i0.wp.com\/rnn.com.do\/wp-content\/uploads\/2026\/09\/WhatsApp-Image-2026-09-02-at-7.01.49-PM.jpeg?fit=1254%2C1254&ssl=1\" data-orig-size=\"1254,1254\" data-comments-opened=\"1\" data-image-meta=\"{&quot;aperture&quot;:&quot;0&quot;,&quot;credit&quot;:&quot;&quot;,&quot;camera&quot;:&quot;&quot;,&quot;caption&quot;:&quot;&quot;,&quot;created_timestamp&quot;:&quot;0&quot;,&quot;copyright&quot;:&quot;&quot;,&quot;focal_length&quot;:&quot;0&quot;,&quot;iso&quot;:&quot;0&quot;,&quot;shutter_speed&quot;:&quot;0&quot;,&quot;title&quot;:&quot;&quot;,&quot;orientation&quot;:&quot;0&quot;,&quot;alt&quot;:&quot;&quot;}\" data-image-title=\"WhatsApp Image 2026-09-02 at 7.01.49 PM\" data-image-description=\"\" data-image-caption=\"\" data-large-file=\"https:\/\/i0.wp.com\/rnn.com.do\/wp-content\/uploads\/2026\/09\/WhatsApp-Image-2026-09-02-at-7.01.49-PM.jpeg?fit=696%2C696&ssl=1\" src=\"https:\/\/i0.wp.com\/rnn.com.do\/wp-content\/uploads\/2026\/09\/WhatsApp-Image-2026-09-02-at-7.01.49-PM.jpeg?resize=696%2C696&ssl=1\" alt=\"\" class=\"wp-image-524338\" srcset=\"https:\/\/i0.wp.com\/rnn.com.do\/wp-content\/uploads\/2026\/09\/WhatsApp-Image-2026-09-02-at-7.01.49-PM.jpeg?resize=1024%2C1024&ssl=1 1024w, https:\/\/i0.wp.com\/rnn.com.do\/wp-content\/uploads\/2026\/09\/WhatsApp-Image-2026-09-02-at-7.01.49-PM.jpeg?resize=300%2C300&ssl=1 300w, https:\/\/i0.wp.com\/rnn.com.do\/wp-content\/uploads\/2026\/09\/WhatsApp-Image-2026-09-02-at-7.01.49-PM.jpeg?resize=150%2C150&ssl=1 150w, https:\/\/i0.wp.com\/rnn.com.do\/wp-content\/uploads\/2026\/09\/WhatsApp-Image-2026-09-02-at-7.01.49-PM.jpeg?resize=768%2C768&ssl=1 768w, https:\/\/i0.wp.com\/rnn.com.do\/wp-content\/uploads\/2026\/09\/WhatsApp-Image-2026-09-02-at-7.01.49-PM.jpeg?resize=420%2C420&ssl=1 420w, https:\/\/i0.wp.com\/rnn.com.do\/wp-content\/uploads\/2026\/09\/WhatsApp-Image-2026-09-02-at-7.01.49-PM.jpeg?resize=696%2C696&ssl=1 696w, https:\/\/i0.wp.com\/rnn.com.do\/wp-content\/uploads\/2026\/09\/WhatsApp-Image-2026-09-02-at-7.01.49-PM.jpeg?resize=1068%2C1068&ssl=1 1068w, https:\/\/i0.wp.com\/rnn.com.do\/wp-content\/uploads\/2026\/09\/WhatsApp-Image-2026-09-02-at-7.01.49-PM.jpeg?w=1254&ssl=1 1254w\" sizes=\"(max-width: 696px) 100vw, 696px\"\/><\/figure>\n<p class=\"wp-block-paragraph\">Bratini, galardonado en 2012 con el Premio Joven de Poes\u00eda de la Feria Internacional del Libro de Santo Domingo por su libro \u00abEl \u00e1lbum-K\u00bb, es autor de poemarios como \u00abDe leyendas\u00bb, \u00abTeor\u00eda del cuerpo\u00bb y \u00abLos enviados\u00bb, adem\u00e1s de obras de investigaci\u00f3n como la antolog\u00eda \u00abEl llamado\u00bb, sobre la obra po\u00e9tica de Mateo Morrison y una biograf\u00eda gr\u00e1fica sobre el mismo autor de la generaci\u00f3n de posguerra en Rep\u00fablica Dominicana. Bratini tambi\u00e9n figura en antolog\u00edas y publicaciones literarias nacionales e internacionales.<\/p>\n<p class=\"wp-block-paragraph\">Su m\u00e1s reciente libro, \u00abTeor\u00eda del cielo\u00bb, constituye la segunda parte de una trilog\u00eda po\u00e9tica del autor publicada bajo el sello Huerga y Fierro Editores, cuya primera entrega es la ya mencionada \u00abTeor\u00eda del cuerpo\u00bb.<\/p>\n<p class=\"wp-block-paragraph\">La jornada incluir\u00e1 sesiones de lectura, conversaci\u00f3n y firma de libros. La organizaci\u00f3n inform\u00f3 que los cupos son limitados y que las reservas se gestionan a trav\u00e9s del Centro Cultural Casa Libros RD y la l\u00ednea de contacto 829-264-8185.<\/p>\n<\/div>\n<\/div>\n","protected":false},"excerpt":{"rendered":"SANTO DOMINGO.\u2013 El Centro Cultural Casa Libros RD albergar\u00e1 el pr\u00f3ximo viernes&hellip;\n","protected":false},"author":1,"featured_media":67028,"comment_status":"open","ping_status":"open","sticky":false,"template":"","format":"standard","meta":{"footnotes":""},"categories":[1],"tags":[],"class_list":["post-67027","post","type-post","status-publish","format-standard","has-post-thumbnail","category-nacionales"],"_links":{"self":[{"href":"https:\/\/acronoticias.com\/index.php\/wp-json\/wp\/v2\/posts\/67027","targetHints":{"allow":["GET"]}}],"collection":[{"href":"https:\/\/acronoticias.com\/index.php\/wp-json\/wp\/v2\/posts"}],"about":[{"href":"https:\/\/acronoticias.com\/index.php\/wp-json\/wp\/v2\/types\/post"}],"author":[{"embeddable":true,"href":"https:\/\/acronoticias.com\/index.php\/wp-json\/wp\/v2\/users\/1"}],"replies":[{"embeddable":true,"href":"https:\/\/acronoticias.com\/index.php\/wp-json\/wp\/v2\/comments?post=67027"}],"version-history":[{"count":0,"href":"https:\/\/acronoticias.com\/index.php\/wp-json\/wp\/v2\/posts\/67027\/revisions"}],"wp:featuredmedia":[{"embeddable":true,"href":"https:\/\/acronoticias.com\/index.php\/wp-json\/wp\/v2\/media\/67028"}],"wp:attachment":[{"href":"https:\/\/acronoticias.com\/index.php\/wp-json\/wp\/v2\/media?parent=67027"}],"wp:term":[{"taxonomy":"category","embeddable":true,"href":"https:\/\/acronoticias.com\/index.php\/wp-json\/wp\/v2\/categories?post=67027"},{"taxonomy":"post_tag","embeddable":true,"href":"https:\/\/acronoticias.com\/index.php\/wp-json\/wp\/v2\/tags?post=67027"}],"curies":[{"name":"wp","href":"https:\/\/api.w.org\/{rel}","templated":true}]}}