{"id":67017,"date":"2026-09-03T05:26:39","date_gmt":"2026-09-03T05:26:39","guid":{"rendered":"https:\/\/acronoticias.com\/index.php\/2026\/09\/03\/familias-quedan-a-la-intemperie-tras-fuego-afectar-viviendas-en-el-sector-capotillo\/"},"modified":"2026-09-03T05:26:39","modified_gmt":"2026-09-03T05:26:39","slug":"familias-quedan-a-la-intemperie-tras-fuego-afectar-viviendas-en-el-sector-capotillo","status":"publish","type":"post","link":"https:\/\/acronoticias.com\/index.php\/2026\/09\/03\/familias-quedan-a-la-intemperie-tras-fuego-afectar-viviendas-en-el-sector-capotillo\/","title":{"rendered":"Familias quedan a la intemperie tras fuego afectar viviendas en el sector Capotillo"},"content":{"rendered":"<div data-td-block-uid=\"tdi_100\">\n<div class=\"tdb-block-inner td-fix-index\">\n<p class=\"wp-block-paragraph\"><strong>SANTO DOMINGO.<\/strong>\u2013 Un incendio redujo a cenizas una vivienda y afect\u00f3 una casa colindante la tarde de este mi\u00e9rcoles en la intersecci\u00f3n de las avenidas Josefa Brea y Nicol\u00e1s de Ovando, en el sector Capotillo, del Distrito Nacional, dejando a sus residentes a la intemperie.<\/p>\n<p class=\"wp-block-paragraph\">El siniestro se inici\u00f3 alrededor de las 4:30 p.m. en la residencia marcada con el n\u00famero 286. De acuerdo con testimonios de vecinos, el fuego se propag\u00f3 con rapidez debido a las estructuras de madera del inmueble. Comunitarios del sector intervinieron de inmediato para evacuar a los ocupantes, entre ellos un hombre que requiri\u00f3 primeros auxilios tras desmayarse por el impacto del hecho.<\/p>\n<p class=\"wp-block-paragraph\">Unidades del Cuerpo de Bomberos acudieron a la escena y lograron sofocar las llamas, adem\u00e1s de retirar varios cilindros de gas para evitar explosiones de mayor magnitud. Asimismo, debido a la cercan\u00eda con el Hospital Docente Padre Billini \u2013 Francisco Moscoso Puello, se desplegaron ambulancias en el per\u00edmetro; no obstante, las autoridades confirmaron que ninguna persona result\u00f3 con lesiones que ameritaran traslado m\u00e9dico.<\/p>\n<p class=\"wp-block-paragraph\">Afectados e integrantes de la comunidad atribuyeron el origen del fuego a un presunto cortocircuito registrado en momentos en que brigadas el\u00e9ctricas trabajaban en las proximidades de la calle Diego Vel\u00e1zquez.<\/p>\n<p class=\"wp-block-paragraph\">Ante la p\u00e9rdida total de sus ajuares, los damnificados y dirigentes comunitarios solicitaron la intervenci\u00f3n de las autoridades gubernamentales y asistencia social para reconstruir sus viviendas.<\/p>\n<figure class=\"wp-block-embed is-type-video is-provider-youtube wp-block-embed-youtube wp-embed-aspect-16-9 wp-has-aspect-ratio\">\n<p>\n<span class=\"embed-youtube\" style=\"text-align:center; display: block;\"><iframe loading=\"lazy\" title=\"Incendio destruye viviendas en Capotillo; familias quedan en la calle\" width=\"1200\" height=\"675\" src=\"https:\/\/www.youtube.com\/embed\/w13pHafNONI?feature=oembed\" frameborder=\"0\" allow=\"accelerometer; autoplay; clipboard-write; encrypted-media; gyroscope; picture-in-picture; web-share\" referrerpolicy=\"strict-origin-when-cross-origin\" allowfullscreen><\/iframe><\/span>\n<\/p>\n<\/figure>\n<\/div>\n<\/div>\n","protected":false},"excerpt":{"rendered":"SANTO DOMINGO.\u2013 Un incendio redujo a cenizas una vivienda y afect\u00f3 una&hellip;\n","protected":false},"author":1,"featured_media":67018,"comment_status":"open","ping_status":"open","sticky":false,"template":"","format":"standard","meta":{"footnotes":""},"categories":[1],"tags":[],"class_list":["post-67017","post","type-post","status-publish","format-standard","has-post-thumbnail","category-nacionales"],"_links":{"self":[{"href":"https:\/\/acronoticias.com\/index.php\/wp-json\/wp\/v2\/posts\/67017","targetHints":{"allow":["GET"]}}],"collection":[{"href":"https:\/\/acronoticias.com\/index.php\/wp-json\/wp\/v2\/posts"}],"about":[{"href":"https:\/\/acronoticias.com\/index.php\/wp-json\/wp\/v2\/types\/post"}],"author":[{"embeddable":true,"href":"https:\/\/acronoticias.com\/index.php\/wp-json\/wp\/v2\/users\/1"}],"replies":[{"embeddable":true,"href":"https:\/\/acronoticias.com\/index.php\/wp-json\/wp\/v2\/comments?post=67017"}],"version-history":[{"count":0,"href":"https:\/\/acronoticias.com\/index.php\/wp-json\/wp\/v2\/posts\/67017\/revisions"}],"wp:featuredmedia":[{"embeddable":true,"href":"https:\/\/acronoticias.com\/index.php\/wp-json\/wp\/v2\/media\/67018"}],"wp:attachment":[{"href":"https:\/\/acronoticias.com\/index.php\/wp-json\/wp\/v2\/media?parent=67017"}],"wp:term":[{"taxonomy":"category","embeddable":true,"href":"https:\/\/acronoticias.com\/index.php\/wp-json\/wp\/v2\/categories?post=67017"},{"taxonomy":"post_tag","embeddable":true,"href":"https:\/\/acronoticias.com\/index.php\/wp-json\/wp\/v2\/tags?post=67017"}],"curies":[{"name":"wp","href":"https:\/\/api.w.org\/{rel}","templated":true}]}}