{"id":67011,"date":"2026-09-03T04:58:46","date_gmt":"2026-09-03T04:58:46","guid":{"rendered":"https:\/\/acronoticias.com\/index.php\/2026\/09\/03\/y-si-la-semana-pasada-cometi-un-desatino\/"},"modified":"2026-09-03T04:58:46","modified_gmt":"2026-09-03T04:58:46","slug":"y-si-la-semana-pasada-cometi-un-desatino","status":"publish","type":"post","link":"https:\/\/acronoticias.com\/index.php\/2026\/09\/03\/y-si-la-semana-pasada-cometi-un-desatino\/","title":{"rendered":"Y s\u00ed, la semana pasada comet\u00ed un desatino"},"content":{"rendered":"<div>\n<p>                                                                                            <!-- --><\/p>\n<p class=\"paragraph\">La semana pasada, tras el art\u00edculo acerca de la relaci\u00f3n del presidente <b>Luis Abinader<\/b> con la prensa, recib\u00ed bastante  retroalimentaci\u00f3n (valga el eufemismo). Por ello,  hoy har\u00e9 ciertas precisiones importantes.<\/p>\n<p class=\"paragraph\">El jueves, despu\u00e9s de la publicaci\u00f3n, supe que la actividad de<b> Prom\u00e9rica<\/b> era privada y no fue culpa del mandatario que la prensa quedara fuera. Por otro lado, en la tarde hubo una rueda de prensa en  el Palacio Nacional a la que se le permiti\u00f3 el acceso a la prensa acreditada.<\/p>\n<p class=\"paragraph\">Despu\u00e9s de presentar los avances  en la reducci\u00f3n de los \u201cninis\u201d (32 minutos) y las palabras de Abinader (5 minutos) preguntaron el diputado <b>Bol\u00edvar Valera<\/b> y  periodistas  de Avance Media, RC Noticias,  Telemicro, Telesistema y Telecentro. Luego el Presidente  explic\u00f3 que los reporteros  podr\u00e1n preguntar lo quieran los mi\u00e9rcoles para no desvirtuar el tema de LA Agenda, que ser\u00e1 el tema principal de la semana.<\/p>\n<p class=\"paragraph\">Explicado el caso, el lunes invitaron  tres periodistas a <b>LA Agenda Semanal<\/b>,  una cita que logr\u00f3 el objetivo: generar titulares para aupar la gesti\u00f3n gubernamental.<\/p>\n<p class=\"paragraph\">Otorgar  algunas preguntas tras  una cita interesada es una concesi\u00f3n para  legitimar el ejercicio de controlar la narrativa\/conversaci\u00f3n. No se puede hablar de cercan\u00eda y apertura, como dijo F\u00e9lix Reyna, cuando los  reporteros  no pueden entrar  al Palacio a menos que se les llame. Ojal\u00e1 que alg\u00fan \u201ccarga palo\u201d se siente en  LA Semanal.<\/p>\n<div class=\"c-detail__box \">\n<article class=\"c-detail__sumario \">\n<figure class=\"c-detail__sumario__thumb\" style=\"display: block;\">\n            <a href=\"#\" title=\"\">\n                <picture data-size=\"w:140,h:140\" loading=\"lazy\" src=\"https:\/\/imagenes.hoy.com.do\/files\/related_image\/uploads\/2026\/08\/24\/6a8cf76cb362e.jpeg\" data-full-src=\"https:\/\/imagenes.hoy.com.do\/uploads\/2026\/08\/24\/6a8cf76cb362e.jpeg\">\n                    <img loading=\"lazy\" decoding=\"async\" width=\"140\" height=\"140\" alt=\"El presidente  Abinader en LA Agenda Semanal\" src=\"https:\/\/imagenes.hoy.com.do\/uploads\/2026\/08\/24\/6a8cf76cb362e.jpeg\"\/>\n                <\/picture>\n            <\/a><br \/>\n        <\/figure>\n<\/article>\n<\/div>\n<\/div>\n","protected":false},"excerpt":{"rendered":"La semana pasada, tras el art\u00edculo acerca de la relaci\u00f3n del presidente&hellip;\n","protected":false},"author":1,"featured_media":67012,"comment_status":"open","ping_status":"open","sticky":false,"template":"","format":"standard","meta":{"footnotes":""},"categories":[3],"tags":[],"class_list":["post-67011","post","type-post","status-publish","format-standard","has-post-thumbnail","category-internacionales"],"_links":{"self":[{"href":"https:\/\/acronoticias.com\/index.php\/wp-json\/wp\/v2\/posts\/67011","targetHints":{"allow":["GET"]}}],"collection":[{"href":"https:\/\/acronoticias.com\/index.php\/wp-json\/wp\/v2\/posts"}],"about":[{"href":"https:\/\/acronoticias.com\/index.php\/wp-json\/wp\/v2\/types\/post"}],"author":[{"embeddable":true,"href":"https:\/\/acronoticias.com\/index.php\/wp-json\/wp\/v2\/users\/1"}],"replies":[{"embeddable":true,"href":"https:\/\/acronoticias.com\/index.php\/wp-json\/wp\/v2\/comments?post=67011"}],"version-history":[{"count":0,"href":"https:\/\/acronoticias.com\/index.php\/wp-json\/wp\/v2\/posts\/67011\/revisions"}],"wp:featuredmedia":[{"embeddable":true,"href":"https:\/\/acronoticias.com\/index.php\/wp-json\/wp\/v2\/media\/67012"}],"wp:attachment":[{"href":"https:\/\/acronoticias.com\/index.php\/wp-json\/wp\/v2\/media?parent=67011"}],"wp:term":[{"taxonomy":"category","embeddable":true,"href":"https:\/\/acronoticias.com\/index.php\/wp-json\/wp\/v2\/categories?post=67011"},{"taxonomy":"post_tag","embeddable":true,"href":"https:\/\/acronoticias.com\/index.php\/wp-json\/wp\/v2\/tags?post=67011"}],"curies":[{"name":"wp","href":"https:\/\/api.w.org\/{rel}","templated":true}]}}