{"id":67006,"date":"2026-09-03T04:22:36","date_gmt":"2026-09-03T04:22:36","guid":{"rendered":"https:\/\/acronoticias.com\/index.php\/2026\/09\/03\/gobierno-advierte-seran-considerados-terroristas-ambientales-a-quienes-danen-los-parques-nacionales\/"},"modified":"2026-09-03T04:22:36","modified_gmt":"2026-09-03T04:22:36","slug":"gobierno-advierte-seran-considerados-terroristas-ambientales-a-quienes-danen-los-parques-nacionales","status":"publish","type":"post","link":"https:\/\/acronoticias.com\/index.php\/2026\/09\/03\/gobierno-advierte-seran-considerados-terroristas-ambientales-a-quienes-danen-los-parques-nacionales\/","title":{"rendered":"Gobierno advierte ser\u00e1n considerados terroristas ambientales a quienes da\u00f1en los parques nacionales"},"content":{"rendered":"<div id=\"mvp-content-main\">\n<h3 id=\"afirma-que-perseguiran-a-quienes-atenten-contra-el-medioambiente-y-el-codigo-penal-establece-sanciones-drasticas-de-20-y-30-anos\" class=\"wp-block-heading\"><em>-Afirma que perseguir\u00e1n a quienes atenten contra el medioambiente y el C\u00f3digo Penal establece sanciones dr\u00e1sticas de 20 y 30 a\u00f1os-<\/em><\/h3>\n<p><strong>Santo Domingo.-<\/strong>El Gobierno dominicano\u00a0emiti\u00f3 este mi\u00e9rcoles el\u00a0Decreto 615-26,\u00a0mediante el cual se declara de\u00a0alto inter\u00e9s nacional y prioridad estrat\u00e9gica\u00a0el combate al\u00a0terrorismo medioambiental, estableciendo que las agresiones deliberadas contra los\u00a0parques nacionales y los recursos naturales cr\u00edticos\u00a0recibir\u00e1n una\u00a0respuesta contundente\u00a0con acciones dr\u00e1sticas y una persecuci\u00f3n penal\u00a0implacable.<\/p>\n<p>Durante el acto de presentaci\u00f3n de la normativa, celebrado en el Sal\u00f3n Las Cari\u00e1tides del Palacio Nacional,\u00a0el presidente de la Rep\u00fablica, Luis Abinader,\u00a0catalog\u00f3 como\u00a0actos terroristas medioambientales\u00a0aquellas acciones perpetradas por\u00a0desaparici\u00f3n o da\u00f1o sistem\u00e1tico\u00a0a los parques nacionales, advirtiendo que habr\u00e1\u00a0acciones m\u00e1s dr\u00e1sticas y persecuciones firmes\u00a0contra nacionales\u00a0dominicanos y extranjeros\u00a0que incurran en estos il\u00edcitos.<\/p>\n<p>Estuvieron junto con el presidente Abinader los ministros Administrativo de la Presidencia,\u00a0Andr\u00e9s Bautista; de Medio Ambiente y Recursos Naturales,\u00a0Pa\u00edno Henr\u00edquez; de Defensa,\u00a0teniente general Carlos Antonio Fern\u00e1ndez Onofre; el director de Migraci\u00f3n,\u00a0Luis Rafael Lee Ballester, y el subconsultor Jur\u00eddico del Poder Ejecutivo,\u00a0Mairen\u00ed Rivas.<\/p>\n<p><img loading=\"lazy\" decoding=\"async\" width=\"442\" height=\"295\" alt=\"31f32b5d C1cd 4ca3 885f 87d1025d6ba5\" src=\"blob:https:\/\/ultimasnoticias.com.do\/31f32b5d-c1cd-4ca3-885f-87d1025d6ba5\" class=\"cwvlazyload\"\/><\/p>\n<p>Un antes y un despu\u00e9s en la protecci\u00f3n de los recursos naturales<\/p>\n<p>El mandatario se\u00f1al\u00f3 que, durante d\u00e9cadas, los parques nacionales\u00a0carecieron de la atenci\u00f3n y la seguridad jur\u00eddica\u00a0necesarias por parte del Estado.<\/p>\n<p>Inform\u00f3 que, al inicio de su gesti\u00f3n, se constat\u00f3 con sorpresa que la mayor\u00eda de estas \u00e1reas protegidas ni siquiera contaban con t\u00edtulos de propiedad a nombre del Estado, situaci\u00f3n que ya comenz\u00f3 a corregirse mediante un\u00a0proceso de titulaci\u00f3n nacional.<\/p>\n<p>Asimismo, el presidente Abinader advirti\u00f3 que gran parte de los\u00a0incendios forestales\u00a0registrados recientemente \u2014como el ocurrido en el Parque Nacional de Bahoruco\u2014 son\u00a0provocados por actividades il\u00edcitas\u00a0que no solo destruyen la flora y la fauna, sino que comprometen gravemente el\u00a0suministro de agua y la seguridad alimentaria\u00a0de la naci\u00f3n.<\/p>\n<p>Acciones dr\u00e1sticas y aplicaci\u00f3n del C\u00f3digo Penal<\/p>\n<p>Ante la vulnerabilidad detectada en los marcos legales anteriores, donde los infractores frecuentemente quedaban en libertad a los pocos d\u00edas, el Gobierno ha decidido actuar con la\u00a0mayor contundencia. Con el respaldo de las disposiciones legales y el nuevo\u00a0C\u00f3digo Penal, las conductas que afecten los parques nacionales enfrentar\u00e1n sanciones de\u00a020 a 30 a\u00f1os de c\u00e1rcel.<\/p>\n<p>El jefe de Estado fue enf\u00e1tico al se\u00f1alar que se han girado\u00a0instrucciones precisas\u00a0a las Fuerzas Armadas, a la Direcci\u00f3n General de Migraci\u00f3n y a los\u00a0cuerpos de inteligencia\u00a0para que tanto los autores materiales \u2014muchos de ellos nacionales haitianos\u2014 como los determinadores o patrocinadores de nacionalidad dominicana que los contraten o env\u00eden, enfrenten exactamente\u00a0el mismo peso de la ley, sin excepciones ni impunidad.<\/p>\n<p>Puntos clave del Decreto n\u00fam. 615-26<\/p>\n<p>Declaratoria de alto inter\u00e9s (Art. 1): Prioriza la\u00a0prevenci\u00f3n, detecci\u00f3n e investigaci\u00f3n\u00a0del terrorismo medioambiental, defini\u00e9ndolo como aquellos actos graves contra los recursos naturales y ecosistemas estrat\u00e9gicos que se equiparen a las normativas antiterroristas vigentes.<\/p>\n<p>Activos protegidos (Art. 2): Otorga\u00a0especial protecci\u00f3n\u00a0a los sistemas de \u00e1reas protegidas, cuencas hidrogr\u00e1ficas prioritarias, presas, embalses, manglares, humedales y nacimientos de r\u00edos.<\/p>\n<p>Coordinaci\u00f3n institucional (Art. 3 y 4): Instruye al Comit\u00e9 Nacional Antiterrorista, al Ministerio de Defensa, al Ministerio de Medio Ambiente, a la Polic\u00eda Nacional y a la Direcci\u00f3n General de Migraci\u00f3n a dise\u00f1ar una\u00a0Pol\u00edtica Nacional de Prevenci\u00f3n y Combate\u00a0orientada a neutralizar incendios forestales provocados y amenazas a la infraestructura h\u00eddrica y energ\u00e9tica.<\/p>\n<p>Persecuci\u00f3n penal (Art. 5): Dispone la\u00a0remisi\u00f3n inmediata\u00a0de cualquier agresi\u00f3n al patrimonio ambiental ante el\u00a0Ministerio P\u00fablico\u00a0para asegurar la acci\u00f3n penal correspondiente.<\/p>\n<p>Participaci\u00f3n ciudadana (Art. 6): Establece\u00a0plataformas tecnol\u00f3gicas\u00a0y mecanismos de\u00a0denuncia confidencial\u00a0para garantizar la protecci\u00f3n de los ciudadanos colaboradores de buena fe.<\/p>\n<\/div>\n","protected":false},"excerpt":{"rendered":"-Afirma que perseguir\u00e1n a quienes atenten contra el medioambiente y el C\u00f3digo&hellip;\n","protected":false},"author":1,"featured_media":67007,"comment_status":"open","ping_status":"open","sticky":false,"template":"","format":"standard","meta":{"footnotes":""},"categories":[1],"tags":[],"class_list":["post-67006","post","type-post","status-publish","format-standard","has-post-thumbnail","category-nacionales"],"_links":{"self":[{"href":"https:\/\/acronoticias.com\/index.php\/wp-json\/wp\/v2\/posts\/67006","targetHints":{"allow":["GET"]}}],"collection":[{"href":"https:\/\/acronoticias.com\/index.php\/wp-json\/wp\/v2\/posts"}],"about":[{"href":"https:\/\/acronoticias.com\/index.php\/wp-json\/wp\/v2\/types\/post"}],"author":[{"embeddable":true,"href":"https:\/\/acronoticias.com\/index.php\/wp-json\/wp\/v2\/users\/1"}],"replies":[{"embeddable":true,"href":"https:\/\/acronoticias.com\/index.php\/wp-json\/wp\/v2\/comments?post=67006"}],"version-history":[{"count":0,"href":"https:\/\/acronoticias.com\/index.php\/wp-json\/wp\/v2\/posts\/67006\/revisions"}],"wp:featuredmedia":[{"embeddable":true,"href":"https:\/\/acronoticias.com\/index.php\/wp-json\/wp\/v2\/media\/67007"}],"wp:attachment":[{"href":"https:\/\/acronoticias.com\/index.php\/wp-json\/wp\/v2\/media?parent=67006"}],"wp:term":[{"taxonomy":"category","embeddable":true,"href":"https:\/\/acronoticias.com\/index.php\/wp-json\/wp\/v2\/categories?post=67006"},{"taxonomy":"post_tag","embeddable":true,"href":"https:\/\/acronoticias.com\/index.php\/wp-json\/wp\/v2\/tags?post=67006"}],"curies":[{"name":"wp","href":"https:\/\/api.w.org\/{rel}","templated":true}]}}