{"id":66998,"date":"2026-09-03T03:34:46","date_gmt":"2026-09-03T03:34:46","guid":{"rendered":"https:\/\/acronoticias.com\/index.php\/2026\/09\/03\/abinader-advierte-penas-de-hasta-30-anos-por-danos-a-parques-nacionales\/"},"modified":"2026-09-03T03:34:46","modified_gmt":"2026-09-03T03:34:46","slug":"abinader-advierte-penas-de-hasta-30-anos-por-danos-a-parques-nacionales","status":"publish","type":"post","link":"https:\/\/acronoticias.com\/index.php\/2026\/09\/03\/abinader-advierte-penas-de-hasta-30-anos-por-danos-a-parques-nacionales\/","title":{"rendered":"Abinader advierte penas de hasta 30 a\u00f1os por da\u00f1os a parques nacionales"},"content":{"rendered":"<p><strong>Santo Domingo.\u2013<\/strong> El presidente <a rel=\"nofollow\" href=\"https:\/\/www.instagram.com\/luisabinader\/?hl=es-la\"><strong>Luis Abinader<\/strong> <\/a>anunci\u00f3 este mi\u00e9rcoles que el Gobierno asumir\u00e1 como <strong>\u201cterrorismo ambiental\u201d<\/strong> las acciones que provoquen da\u00f1os a los <strong>parques nacionales<\/strong> y advirti\u00f3 que este tipo de hechos podr\u00e1 ser castigado con penas de <strong>20 a 30 a\u00f1os de prisi\u00f3n<\/strong> bajo el nuevo C\u00f3digo Penal.<\/p>\n<p>El mandatario explic\u00f3 que la decisi\u00f3n responde a los<strong> da\u00f1os provocados por actividades ilegales <\/strong>dentro de \u00e1reas protegidas, que en algunos casos han derivado en incendios con consecuencias para los bosques, las fuentes de agua y las comunidades.<\/p>\n<ul class=\"wp-block-list\">\n<li><strong>Da\u00f1os a parques nacionales ser\u00e1n tratados como terrorismo ambiental.<\/strong><\/li>\n<li><strong>Las penas se\u00f1aladas van de 20 a 30 a\u00f1os de prisi\u00f3n.<\/strong><\/li>\n<\/ul>\n<figure class=\"wp-block-image size-full\"><img decoding=\"async\" src=\"https:\/\/multimedia.noticiassin.com\/wp-content\/uploads\/2026\/09\/borrador-automatico-20260902-210337-WQfO.webp\" alt=\"Funcionarios y mandos militares en una mesa de reuni\u00f3n oficial con banderas de Rep\u00fablica Dominicana\" class=\"wp-image-2106623\" \/><figcaption class=\"wp-element-caption\">Autoridades civiles y militares participan en una reuni\u00f3n oficial en un sal\u00f3n con banderas de Rep\u00fablica Dominicana.<\/figcaption><\/figure>\n<h2 id=\"gobierno-endurecera-acciones-contra-responsables\" class=\"wp-block-heading\">Gobierno endurecer\u00e1 acciones contra responsables<\/h2>\n<p>Abinader sostuvo que durante los \u00faltimos a\u00f1os las autoridades han detectado que numerosos incendios registrados en parques nacionales est\u00e1n relacionados con <strong>actividades ilegales realizadas por dominicanos y extranjeros<\/strong>.<\/p>\n<p>\u201c<strong>Pero tambi\u00e9n, hemos visto durante estos a\u00f1os tambi\u00e9n, que muchos de los fuegos que ocurren en los parques nacionales, es por actividad ilegal de nacionales, extranjeros y de dominicanos, actividades de diversas \u00edndoles<\/strong>\u201d, expres\u00f3.<\/p>\n<p>El jefe de Estado cit\u00f3 como ejemplo un incendio reciente en el <strong>parque de Bahoruco<\/strong> y se\u00f1al\u00f3 que este tipo de situaciones no solo afecta los \u00e1rboles y el entorno donde ocurren, sino tambi\u00e9n el agua y la vida de los ciudadanos.<\/p>\n<p>\u201c<strong>Por lo tanto, despu\u00e9s de analizar, de pensar, para darle la verdadera importancia, hemos decidido actuar de manera dr\u00e1stica, catalogando como terrorismo ambiental, todo aquel que afecte un parque nacional<\/strong>\u201d, afirm\u00f3.<\/p>\n<p>El presidente asegur\u00f3 que uno de los problemas enfrentados hasta ahora ha sido la <strong>falta de herramientas legales<\/strong> para mantener bajo prisi\u00f3n a personas detenidas por da\u00f1os a las \u00e1reas protegidas.<\/p>\n<p>\u201c<strong>Y quiero advertir que en el nuevo C\u00f3digo Penal, eso est\u00e1 penalizado entre 20 y 30 a\u00f1os de c\u00e1rcel, que es uno de los problemas que tenemos actualmente<\/strong>\u201d, manifest\u00f3.<\/p>\n<p>Seg\u00fan indic\u00f3, en ocasiones personas sometidas por <strong>afectar parques nacionales <\/strong>eran dejadas en libertad pocos d\u00edas despu\u00e9s debido a dificultades para sustentar los procesos judiciales.<\/p>\n<h2 id=\"instrucciones-a-fuerzas-armadas-y-migracion\" class=\"wp-block-heading\">Instrucciones a Fuerzas Armadas y Migraci\u00f3n<\/h2>\n<p>Abinader inform\u00f3 que imparti\u00f3 instrucciones a las <strong>Fuerzas Armadas<\/strong> y a la <strong>Direcci\u00f3n General de Migraci\u00f3n<\/strong> para reforzar las acciones frente a quienes desarrollen actividades ilegales dentro de los parques nacionales.<\/p>\n<p>El mandatario se\u00f1al\u00f3 que, aunque en algunos casos han sido identificados <strong>ciudadanos haitianos <\/strong>participando en estas actividades, tambi\u00e9n existir\u00edan dominicanos involucrados en su contrataci\u00f3n o env\u00edo hacia esas zonas.<\/p>\n<p>\u201c<strong>Le hemos dado instrucciones a todas las Fuerzas Armadas y a la Direcci\u00f3n de Migraci\u00f3n, porque tambi\u00e9n, si bien muchos eran nacionales haitianos, esos nacionales haitianos, en gran parte de los casos, eran enviados por dominicanos tambi\u00e9n<\/strong>\u201d, dijo.<\/p>\n<p>Advirti\u00f3 que tanto los extranjeros como los dominicanos involucrados enfrentar\u00e1n las mismas <strong>consecuencias <\/strong>cuando sean responsables de afectar \u00e1reas protegidas.<\/p>\n<p>\u201c<strong>Y ambos van a sufrir la misma pena en caso de que afecten de ahora en adelante los parques nacionales<\/strong>\u201d, sostuvo.<\/p>\n<p>Durante sus declaraciones, Abinader tambi\u00e9n explic\u00f3 que el Gobierno inici\u00f3 un proceso para <strong>titular los parques nacionales a nombre del Estado dominicano<\/strong>, luego de determinar que muchos de esos terrenos no contaban con t\u00edtulos estatales.<\/p>\n<p>\u201c<strong>Y durante estos a\u00f1os, para sorpresa m\u00eda, determinamos que muchos de los parques nacionales, o casi todos, no ten\u00edan ni siquiera el t\u00edtulo a nombre del Estado Dominicano<\/strong>\u201d, indic\u00f3.<\/p>\n<p>El mandatario expres\u00f3 que las nuevas medidas buscan tener un <strong>efecto disuasorio<\/strong> y asegur\u00f3 que las autoridades est\u00e1n preparadas para actuar con mayor firmeza en defensa de los ecosistemas nacionales.<\/p>\n<p><script async src=\"\/\/www.instagram.com\/embed.js\"><\/script><\/p>\n","protected":false},"excerpt":{"rendered":"Santo Domingo.\u2013 El presidente Luis Abinader anunci\u00f3 este mi\u00e9rcoles que el Gobierno&hellip;\n","protected":false},"author":1,"featured_media":66999,"comment_status":"open","ping_status":"open","sticky":false,"template":"","format":"standard","meta":{"footnotes":""},"categories":[1],"tags":[],"class_list":["post-66998","post","type-post","status-publish","format-standard","has-post-thumbnail","category-nacionales"],"_links":{"self":[{"href":"https:\/\/acronoticias.com\/index.php\/wp-json\/wp\/v2\/posts\/66998","targetHints":{"allow":["GET"]}}],"collection":[{"href":"https:\/\/acronoticias.com\/index.php\/wp-json\/wp\/v2\/posts"}],"about":[{"href":"https:\/\/acronoticias.com\/index.php\/wp-json\/wp\/v2\/types\/post"}],"author":[{"embeddable":true,"href":"https:\/\/acronoticias.com\/index.php\/wp-json\/wp\/v2\/users\/1"}],"replies":[{"embeddable":true,"href":"https:\/\/acronoticias.com\/index.php\/wp-json\/wp\/v2\/comments?post=66998"}],"version-history":[{"count":0,"href":"https:\/\/acronoticias.com\/index.php\/wp-json\/wp\/v2\/posts\/66998\/revisions"}],"wp:featuredmedia":[{"embeddable":true,"href":"https:\/\/acronoticias.com\/index.php\/wp-json\/wp\/v2\/media\/66999"}],"wp:attachment":[{"href":"https:\/\/acronoticias.com\/index.php\/wp-json\/wp\/v2\/media?parent=66998"}],"wp:term":[{"taxonomy":"category","embeddable":true,"href":"https:\/\/acronoticias.com\/index.php\/wp-json\/wp\/v2\/categories?post=66998"},{"taxonomy":"post_tag","embeddable":true,"href":"https:\/\/acronoticias.com\/index.php\/wp-json\/wp\/v2\/tags?post=66998"}],"curies":[{"name":"wp","href":"https:\/\/api.w.org\/{rel}","templated":true}]}}