{"id":66997,"date":"2026-09-03T03:18:34","date_gmt":"2026-09-03T03:18:34","guid":{"rendered":"https:\/\/acronoticias.com\/index.php\/2026\/09\/03\/auditoria-de-ccrd-no-encontro-irregularidades-en-la-gestion-de-roberto-fulcar-al-frente-del-minerd\/"},"modified":"2026-09-03T03:18:34","modified_gmt":"2026-09-03T03:18:34","slug":"auditoria-de-ccrd-no-encontro-irregularidades-en-la-gestion-de-roberto-fulcar-al-frente-del-minerd","status":"publish","type":"post","link":"https:\/\/acronoticias.com\/index.php\/2026\/09\/03\/auditoria-de-ccrd-no-encontro-irregularidades-en-la-gestion-de-roberto-fulcar-al-frente-del-minerd\/","title":{"rendered":"Auditor\u00eda de CCRD no encontr\u00f3 irregularidades en la gesti\u00f3n de Roberto Fulcar al frente del Minerd"},"content":{"rendered":"<p><img decoding=\"async\" width=\"355\" height=\"200\" src=\"https:\/\/nuevodiario-assets.s3.us-east-2.amazonaws.com\/wp-content\/uploads\/2026\/09\/WhatsApp-Image-2026-09-02-at-8.07.21-PM-355x200.jpeg\" class=\"webfeedsFeaturedVisual wp-post-image\" alt=\"\" style=\"display: block;margin-bottom: 5px;clear:both;max-width: 100%\" loading=\"lazy\" \/><\/p>\n<p>EL NUEVO DIARIO, SANTO DOMINGO.<strong> \u2014<\/strong> La investigaci\u00f3n especial realizada por la C\u00e1mara de Cuentas de la Rep\u00fablica Dominicana al Ministerio de Educaci\u00f3n, correspondiente al per\u00edodo comprendido entre el 17 de agosto de 2020 y el 3 de agosto de 2022, no encontr\u00f3 irregularidades en la gesti\u00f3n encabezada por el entonces ministro de Educaci\u00f3n, Roberto Fulcar; sus conclusiones solo hablan de observaciones y puntos de mejora.<\/p>\n<p>La investigaci\u00f3n especial examin\u00f3 los procesos de contrataci\u00f3n, ejecuci\u00f3n de pagos, adquisici\u00f3n de bienes y servicios, compras, entradas y salidas de recursos financieros, adquisiciones de equipos tecnol\u00f3gicos, inventarios y n\u00f3minas del Ministerio de Educaci\u00f3n. Sus resultados adquieren una dimensi\u00f3n particular al considerar las circunstancias extraordinarias en las que se desarroll\u00f3 la gesti\u00f3n auditada, el momento m\u00e1s complejo que ha enfrentado el sistema educativo dominicano, que coincidi\u00f3 con la pandemia del COVID-19.<\/p>\n<p>Durante ese per\u00edodo fue necesario adoptar decisiones extraordinarias para garantizar la continuidad de los procesos educativos, responder a las nuevas condiciones sanitarias, atender las necesidades de estudiantes, docentes y familias y mantener en funcionamiento uno de los sistemas p\u00fablicos de mayor dimensi\u00f3n del pa\u00eds, por involucrar a millones de actores directos e indirectos.<\/p>\n<p>El propio informe de la CCRD reconoce que las circunstancias derivadas de la pandemia y las variaciones extraordinarias en los precios de insumos y materias primas afectaron o pudieron afectar determinados procesos administrativos y de ejecuci\u00f3n, incluyendo situaciones vinculadas con proyectos de infraestructura educativa.<\/p>\n<h3 id=\"las-observaciones-y-las-oportunidades-de-mejora\"><strong>LAS OBSERVACIONES Y LAS OPORTUNIDADES DE MEJORA<\/strong><\/h3>\n<p>El informe establece recomendaciones dirigidas al fortalecimiento de los procesos del Ministerio de Educaci\u00f3n, entre ellas mejorar los mecanismos de selecci\u00f3n y contrataci\u00f3n, fortalecer el resguardo de la documentaci\u00f3n, mejorar los controles administrativos y de inventario y reforzar distintos procesos institucionales. Tales observaciones se refieren a situaciones administrativas, documentales, contables, procedimentales o de control interno que requieren correcci\u00f3n o fortalecimiento y que, al ser limitadas a registros y asuntos administrativos y operativos, no constituyen irregularidades.<\/p>\n<p>Para Fulcar, la existencia de recomendaciones de mejora forma parte de la din\u00e1mica de una administraci\u00f3n p\u00fablica sometida a fiscalizaci\u00f3n. \u201cUna auditor\u00eda seria permite identificar aquello que debe corregirse, fortalecerse o perfeccionarse. Eso forma parte de la responsabilidad de una buena gesti\u00f3n p\u00fablica\u201d, afirma.<\/p>\n<p>Uno de los aspectos relevantes del informe es que establece que la administraci\u00f3n auditada present\u00f3 documentaci\u00f3n sobre diversas medidas adoptadas durante su gesti\u00f3n para enfrentar debilidades preexistentes y fortalecer los sistemas administrativos.<\/p>\n<p>En materia de clasificaci\u00f3n contable y presupuestaria, por ejemplo, la exadministraci\u00f3n document\u00f3 que una situaci\u00f3n relacionada con la clasificaci\u00f3n de gastos hab\u00eda sido identificada y corregida mediante un acto administrativo de fecha 5 de marzo de 2022, adem\u00e1s de haberse gestionado acompa\u00f1amiento t\u00e9cnico de la Direcci\u00f3n General de Contabilidad Gubernamental (DIGECOG), con la cual se firm\u00f3 un convenio de colaboraci\u00f3n.<\/p>\n<p>En materia de inventarios, el informe revela que durante la gesti\u00f3n fueron adoptadas medidas dirigidas al fortalecimiento progresivo de los mecanismos de control, organizaci\u00f3n, validaci\u00f3n y actualizaci\u00f3n de los registros.<\/p>\n<p>En relaci\u00f3n con la documentaci\u00f3n de los expedientes del personal, la administraci\u00f3n inform\u00f3 que al inicio de su gesti\u00f3n identific\u00f3 debilidades preexistentes y puso en marcha procesos para completar, actualizar, digitalizar y organizar los expedientes administrativos, al tiempo que estableci\u00f3 controles para que las nuevas designaciones contaran con la documentaci\u00f3n requerida.<\/p>\n<p>Estos hechos permiten colocar las observaciones dentro de una perspectiva m\u00e1s amplia. Exist\u00edan debilidades institucionales heredadas por la gesti\u00f3n Fulcar, que fueron identificadas y, durante la gesti\u00f3n, se adoptaron acciones para superarlas.<\/p>\n<h3 id=\"la-delimitacion-de-la-responsabilidad-por-fechas-y-gestiones\"><strong>LA DELIMITACI\u00d3N DE LA RESPONSABILIDAD POR FECHAS Y GESTIONES<\/strong><\/h3>\n<p>Otro elemento que debe ser considerado en la lectura del informe es la delimitaci\u00f3n temporal de las responsabilidades. La investigaci\u00f3n comprende hasta el 3 de agosto de 2022; en consecuencia, las actuaciones posteriores a esa fecha corresponden a administraciones posteriores y no pueden ser atribuidas a la gesti\u00f3n evaluada.<\/p>\n<p>El propio informe identifica expresamente situaciones cuya actuaci\u00f3n correspondi\u00f3 a la gesti\u00f3n posterior a la auditada. Es el caso de determinados contratos de adquisici\u00f3n de dispositivos tecnol\u00f3gicos rescindidos por incumplimiento de los adjudicatarios, respecto de los cuales la CCRD se\u00f1ala que la no ejecuci\u00f3n de determinadas garant\u00edas correspondi\u00f3 a la gesti\u00f3n posterior.<\/p>\n<p>La misma l\u00f3gica debe aplicarse a las medidas de mejora. \u201cLas medidas que correspond\u00eda implementar durante nuestra administraci\u00f3n fueron identificadas y puestas en marcha. Si posteriormente algunas de ellas no tuvieron continuidad, esa responsabilidad corresponde a las administraciones posteriores y no a la gesti\u00f3n auditada\u201d, afirm\u00f3 Fulcar.<\/p>\n<h3 id=\"etica-y-transparencia-en-el-ejercicio-de-la-funcion-publica\"><strong>\u00c9TICA Y TRANSPARENCIA EN EL EJERCICIO DE LA FUNCI\u00d3N P\u00daBLICA<\/strong><\/h3>\n<p>El exministro afirm\u00f3 que la principal satisfacci\u00f3n derivada del informe de auditor\u00eda de la C\u00e1mara de Cuentas a su gesti\u00f3n es que ha quedado evidenciado que, aun en medio de un escenario extraordinariamente complejo, la gesti\u00f3n que encabez\u00f3 mantuvo como principios la \u00e9tica, la transparencia y la responsabilidad en el manejo de la cosa p\u00fablica.<\/p>\n<p>\u201cLa pandemia no pod\u00eda convertirse en una excusa para abandonar los principios de transparencia y responsabilidad. Al contrario: mientras m\u00e1s extraordinarias son las circunstancias, mayor debe ser el compromiso \u00e9tico de quienes administran recursos p\u00fablicos\u201d.<\/p>\n<p>Y agreg\u00f3:<\/p>\n<p>\u201cNos correspondi\u00f3 gestionar la educaci\u00f3n dominicana en uno de los momentos m\u00e1s dif\u00edciles de nuestra historia reciente. Lo hicimos enfrentando enormes desaf\u00edos y procurando dejar procesos, controles y soluciones en marcha. Hoy, frente a una investigaci\u00f3n especial de la C\u00e1mara de Cuentas, tenemos la tranquilidad de que no se encontraron irregularidades en nuestra gesti\u00f3n\u201d.<\/p>\n<p>Roberto Fulcar reiter\u00f3 que recibe el informe con respeto institucional y con la satisfacci\u00f3n de que la gesti\u00f3n que encabez\u00f3 haya sido sometida al escrutinio del \u00f3rgano constitucional de fiscalizaci\u00f3n externa.<\/p>\n<p>\u201cSiempre hemos defendido que la gesti\u00f3n p\u00fablica debe ser evaluada con documentos, con evidencias y con responsabilidad. Hoy esos documentos est\u00e1n disponibles para que la sociedad conozca lo ocurrido y pueda formarse su propia valoraci\u00f3n\u201d, concluy\u00f3.<\/p>\n<p>\u00a0<\/p>\n<p>La entrada <a href=\"https:\/\/elnuevodiario.com.do\/auditoria-de-ccrd-no-encontro-irregularidades-en-la-gestion-de-roberto-fulcar-al-frente-del-minerd\/\">Auditor\u00eda de CCRD no encontr\u00f3 irregularidades en la gesti\u00f3n de Roberto Fulcar al frente del Minerd<\/a> se public\u00f3 primero en <a href=\"https:\/\/elnuevodiario.com.do\">El Nuevo Diario (Rep\u00fablica Dominicana)<\/a>.<\/p>\n","protected":false},"excerpt":{"rendered":"EL NUEVO DIARIO, SANTO DOMINGO. \u2014 La investigaci\u00f3n especial realizada por la&hellip;\n","protected":false},"author":1,"featured_media":66969,"comment_status":"open","ping_status":"open","sticky":false,"template":"","format":"standard","meta":{"footnotes":""},"categories":[1],"tags":[],"class_list":["post-66997","post","type-post","status-publish","format-standard","has-post-thumbnail","category-nacionales"],"_links":{"self":[{"href":"https:\/\/acronoticias.com\/index.php\/wp-json\/wp\/v2\/posts\/66997","targetHints":{"allow":["GET"]}}],"collection":[{"href":"https:\/\/acronoticias.com\/index.php\/wp-json\/wp\/v2\/posts"}],"about":[{"href":"https:\/\/acronoticias.com\/index.php\/wp-json\/wp\/v2\/types\/post"}],"author":[{"embeddable":true,"href":"https:\/\/acronoticias.com\/index.php\/wp-json\/wp\/v2\/users\/1"}],"replies":[{"embeddable":true,"href":"https:\/\/acronoticias.com\/index.php\/wp-json\/wp\/v2\/comments?post=66997"}],"version-history":[{"count":0,"href":"https:\/\/acronoticias.com\/index.php\/wp-json\/wp\/v2\/posts\/66997\/revisions"}],"wp:featuredmedia":[{"embeddable":true,"href":"https:\/\/acronoticias.com\/index.php\/wp-json\/wp\/v2\/media\/66969"}],"wp:attachment":[{"href":"https:\/\/acronoticias.com\/index.php\/wp-json\/wp\/v2\/media?parent=66997"}],"wp:term":[{"taxonomy":"category","embeddable":true,"href":"https:\/\/acronoticias.com\/index.php\/wp-json\/wp\/v2\/categories?post=66997"},{"taxonomy":"post_tag","embeddable":true,"href":"https:\/\/acronoticias.com\/index.php\/wp-json\/wp\/v2\/tags?post=66997"}],"curies":[{"name":"wp","href":"https:\/\/api.w.org\/{rel}","templated":true}]}}