{"id":66989,"date":"2026-09-03T02:47:15","date_gmt":"2026-09-03T02:47:15","guid":{"rendered":"https:\/\/acronoticias.com\/index.php\/2026\/09\/03\/hombre-muere-tras-ser-impactado-por-un-vehiculo-en-veron\/"},"modified":"2026-09-03T02:47:15","modified_gmt":"2026-09-03T02:47:15","slug":"hombre-muere-tras-ser-impactado-por-un-vehiculo-en-veron","status":"publish","type":"post","link":"https:\/\/acronoticias.com\/index.php\/2026\/09\/03\/hombre-muere-tras-ser-impactado-por-un-vehiculo-en-veron\/","title":{"rendered":"Hombre muere tras ser impactado por un veh\u00edculo en Ver\u00f3n"},"content":{"rendered":"<p><img decoding=\"async\" width=\"355\" height=\"200\" src=\"https:\/\/nuevodiario-assets.s3.us-east-2.amazonaws.com\/wp-content\/uploads\/2026\/09\/Hombre-muere-tras-ser-impactado-por-un-vehiculo-en-Veron-355x200.jpg\" class=\"webfeedsFeaturedVisual wp-post-image\" alt=\"\" style=\"display: block;margin-bottom: 5px;clear:both;max-width: 100%\" loading=\"lazy\" \/><\/p>\n<p>EL NUEVO DIARIO, VER\u00d3N.- Un hombre perdi\u00f3 la vida la noche de este mi\u00e9rcoles luego de que la motocicleta en la que se desplazaba fuera impactada por un veh\u00edculo en el Cruce de Macao, distrito municipal Ver\u00f3n-Punta Cana, provincia La Altagracia.<\/p>\n<p>La v\u00edctima fue identificada como Edwin Aquiles Guerrero Caraballo, de 51 a\u00f1os, quien resid\u00eda en el municipio de Hig\u00fcey.<\/p>\n<p>De acuerdo con el informe preliminar, Guerrero Caraballo se desplazaba a bordo de una motocicleta marca Nipponia, de color blanco, cuando fue impactado por un autom\u00f3vil Hyundai Sonata, de color gris.<\/p>\n<p>Seg\u00fan testigos, el conductor del veh\u00edculo habr\u00eda abandonado la escena inmediatamente despu\u00e9s de ocurrido el accidente.<\/p>\n<p>El cad\u00e1ver fue levantado por personal del Instituto Nacional de Ciencias Forenses (Inacif) y trasladado a la morgue del hospital local para los fines correspondientes.<\/p>\n<p>Las autoridades de tr\u00e1nsito informaron que el hecho se encuentra bajo investigaci\u00f3n.<\/p>\n<p>La entrada <a href=\"https:\/\/elnuevodiario.com.do\/hombre-muere-tras-ser-impactado-por-un-vehiculo-en-veron\/\">Hombre muere tras ser impactado por un veh\u00edculo en Ver\u00f3n<\/a> se public\u00f3 primero en <a href=\"https:\/\/elnuevodiario.com.do\">El Nuevo Diario (Rep\u00fablica Dominicana)<\/a>.<\/p>\n","protected":false},"excerpt":{"rendered":"EL NUEVO DIARIO, VER\u00d3N.- Un hombre perdi\u00f3 la vida la noche de&hellip;\n","protected":false},"author":1,"featured_media":66990,"comment_status":"open","ping_status":"open","sticky":false,"template":"","format":"standard","meta":{"footnotes":""},"categories":[1],"tags":[],"class_list":["post-66989","post","type-post","status-publish","format-standard","has-post-thumbnail","category-nacionales"],"_links":{"self":[{"href":"https:\/\/acronoticias.com\/index.php\/wp-json\/wp\/v2\/posts\/66989","targetHints":{"allow":["GET"]}}],"collection":[{"href":"https:\/\/acronoticias.com\/index.php\/wp-json\/wp\/v2\/posts"}],"about":[{"href":"https:\/\/acronoticias.com\/index.php\/wp-json\/wp\/v2\/types\/post"}],"author":[{"embeddable":true,"href":"https:\/\/acronoticias.com\/index.php\/wp-json\/wp\/v2\/users\/1"}],"replies":[{"embeddable":true,"href":"https:\/\/acronoticias.com\/index.php\/wp-json\/wp\/v2\/comments?post=66989"}],"version-history":[{"count":0,"href":"https:\/\/acronoticias.com\/index.php\/wp-json\/wp\/v2\/posts\/66989\/revisions"}],"wp:featuredmedia":[{"embeddable":true,"href":"https:\/\/acronoticias.com\/index.php\/wp-json\/wp\/v2\/media\/66990"}],"wp:attachment":[{"href":"https:\/\/acronoticias.com\/index.php\/wp-json\/wp\/v2\/media?parent=66989"}],"wp:term":[{"taxonomy":"category","embeddable":true,"href":"https:\/\/acronoticias.com\/index.php\/wp-json\/wp\/v2\/categories?post=66989"},{"taxonomy":"post_tag","embeddable":true,"href":"https:\/\/acronoticias.com\/index.php\/wp-json\/wp\/v2\/tags?post=66989"}],"curies":[{"name":"wp","href":"https:\/\/api.w.org\/{rel}","templated":true}]}}