{"id":66987,"date":"2026-09-03T02:31:34","date_gmt":"2026-09-03T02:31:34","guid":{"rendered":"https:\/\/acronoticias.com\/index.php\/2026\/09\/03\/incendio-afecta-varias-viviendas-en-el-ensanche-capotillo-reportan-solo-perdidas-materiales\/"},"modified":"2026-09-03T02:31:34","modified_gmt":"2026-09-03T02:31:34","slug":"incendio-afecta-varias-viviendas-en-el-ensanche-capotillo-reportan-solo-perdidas-materiales","status":"publish","type":"post","link":"https:\/\/acronoticias.com\/index.php\/2026\/09\/03\/incendio-afecta-varias-viviendas-en-el-ensanche-capotillo-reportan-solo-perdidas-materiales\/","title":{"rendered":"Incendio afecta varias viviendas en el Ensanche Capotillo; reportan solo p\u00e9rdidas materiales"},"content":{"rendered":"<p><img loading=\"lazy\" decoding=\"async\" width=\"355\" height=\"200\" src=\"https:\/\/nuevodiario-assets.s3.us-east-2.amazonaws.com\/wp-content\/uploads\/2026\/09\/Incendio-END.jpg-355x200.jpeg\" class=\"webfeedsFeaturedVisual wp-post-image\" alt=\"\" style=\"display: block;margin-bottom: 5px;clear:both;max-width: 100%\" \/><\/p>\n<p class=\"isSelectedEnd\">EL NUEVO DIARIO, SANTO DOMINGO.\u2013 Varias viviendas resultaron afectadas por un incendio registrado este mi\u00e9rcoles en la comunidad del Ensanche Capotillo, en el Distrito Nacional, dejando hasta el momento p\u00e9rdidas materiales.<\/p>\n<p class=\"isSelectedEnd\">Uno de los afectados relat\u00f3 que el fuego se propag\u00f3 de manera r\u00e1pida y con gran intensidad, aunque, afortunadamente, no sufri\u00f3 quemaduras ni heridas durante el incidente.<\/p>\n<p class=\"isSelectedEnd\">\u201cFue r\u00e1pido y fuerte\u201d, expres\u00f3 el afectado, quien explic\u00f3 que como consecuencia del incendio perdi\u00f3 sus pertenencias personales, incluyendo su ropa y zapatos.<\/p>\n<p class=\"isSelectedEnd\">El hombre tambi\u00e9n destac\u00f3 la solidaridad de sus vecinos, quienes al percatarse de que se hab\u00eda originado el fuego le avisaron y acudieron en su ayuda para intentar contener parte de las llamas y evitar que la situaci\u00f3n fuera mayor.<\/p>\n<p>Hasta el momento no se han reportado personas lesionadas ni v\u00edctimas mortales a causa del siniestro. Las autoridades correspondientes deber\u00e1n determinar las circunstancias que provocaron el incendio y evaluar los da\u00f1os ocasionados en las viviendas afectadas.<\/p>\n<p>La entrada <a href=\"https:\/\/elnuevodiario.com.do\/incendio-afecta-varias-viviendas-en-el-ensanche-capotillo-reportan-solo-perdidas-materiales\/\">Incendio afecta varias viviendas en el Ensanche Capotillo; reportan solo p\u00e9rdidas materiales<\/a> se public\u00f3 primero en <a href=\"https:\/\/elnuevodiario.com.do\">El Nuevo Diario (Rep\u00fablica Dominicana)<\/a>.<\/p>\n","protected":false},"excerpt":{"rendered":"EL NUEVO DIARIO, SANTO DOMINGO.\u2013 Varias viviendas resultaron afectadas por un incendio&hellip;\n","protected":false},"author":1,"featured_media":66988,"comment_status":"open","ping_status":"open","sticky":false,"template":"","format":"standard","meta":{"footnotes":""},"categories":[1],"tags":[],"class_list":["post-66987","post","type-post","status-publish","format-standard","has-post-thumbnail","category-nacionales"],"_links":{"self":[{"href":"https:\/\/acronoticias.com\/index.php\/wp-json\/wp\/v2\/posts\/66987","targetHints":{"allow":["GET"]}}],"collection":[{"href":"https:\/\/acronoticias.com\/index.php\/wp-json\/wp\/v2\/posts"}],"about":[{"href":"https:\/\/acronoticias.com\/index.php\/wp-json\/wp\/v2\/types\/post"}],"author":[{"embeddable":true,"href":"https:\/\/acronoticias.com\/index.php\/wp-json\/wp\/v2\/users\/1"}],"replies":[{"embeddable":true,"href":"https:\/\/acronoticias.com\/index.php\/wp-json\/wp\/v2\/comments?post=66987"}],"version-history":[{"count":0,"href":"https:\/\/acronoticias.com\/index.php\/wp-json\/wp\/v2\/posts\/66987\/revisions"}],"wp:featuredmedia":[{"embeddable":true,"href":"https:\/\/acronoticias.com\/index.php\/wp-json\/wp\/v2\/media\/66988"}],"wp:attachment":[{"href":"https:\/\/acronoticias.com\/index.php\/wp-json\/wp\/v2\/media?parent=66987"}],"wp:term":[{"taxonomy":"category","embeddable":true,"href":"https:\/\/acronoticias.com\/index.php\/wp-json\/wp\/v2\/categories?post=66987"},{"taxonomy":"post_tag","embeddable":true,"href":"https:\/\/acronoticias.com\/index.php\/wp-json\/wp\/v2\/tags?post=66987"}],"curies":[{"name":"wp","href":"https:\/\/api.w.org\/{rel}","templated":true}]}}