{"id":66983,"date":"2026-09-03T01:58:17","date_gmt":"2026-09-03T01:58:17","guid":{"rendered":"https:\/\/acronoticias.com\/index.php\/2026\/09\/03\/moradores-de-ercilia-pepin-protestan-con-mechones-encendidos-por-deterioro-de-calles\/"},"modified":"2026-09-03T01:58:17","modified_gmt":"2026-09-03T01:58:17","slug":"moradores-de-ercilia-pepin-protestan-con-mechones-encendidos-por-deterioro-de-calles","status":"publish","type":"post","link":"https:\/\/acronoticias.com\/index.php\/2026\/09\/03\/moradores-de-ercilia-pepin-protestan-con-mechones-encendidos-por-deterioro-de-calles\/","title":{"rendered":"Moradores de Ercilia Pep\u00edn protestan con mechones encendidos por deterioro de calles"},"content":{"rendered":"<p><img loading=\"lazy\" decoding=\"async\" width=\"355\" height=\"200\" src=\"https:\/\/nuevodiario-assets.s3.us-east-2.amazonaws.com\/wp-content\/uploads\/2026\/09\/SFM-END-355x200.jpg\" class=\"webfeedsFeaturedVisual wp-post-image\" alt=\"\" style=\"display: block;margin-bottom: 5px;clear:both;max-width: 100%\" \/><\/p>\n<p>EL NUEVO DIARIO, SAN FRANCISCO DE MACOR\u00cdS.- Con mechones encendidos, pancartas y consignas, moradores del sector Ercilia Pep\u00edn protestaron este mi\u00e9rcoles en demanda de la reparaci\u00f3n de las calles de esa comunidad.<\/p>\n<p>Los residentes denunciaron el avanzado deterioro de las v\u00edas, situaci\u00f3n que, aseguran, dificulta el desplazamiento de veh\u00edculos y peatones y genera m\u00faltiples inconvenientes a las familias que habitan en el sector.<\/p>\n<p>Durante la manifestaci\u00f3n, los comunitarios reclamaron la intervenci\u00f3n urgente de las autoridades y solicitaron que Ercilia Pep\u00edn sea incluido en un plan de reparaci\u00f3n y acondicionamiento vial.<\/p>\n<p>Asimismo, advirtieron que continuar\u00e1n con sus reclamos hasta obtener una respuesta concreta de las autoridades y que sean iniciados los trabajos para mejorar las condiciones de las calles.<\/p>\n<p>Los manifestantes hicieron un llamado a las instituciones correspondientes a atender la problem\u00e1tica y ofrecer una soluci\u00f3n a las condiciones de las v\u00edas del sector.<\/p>\n<p>La entrada <a href=\"https:\/\/elnuevodiario.com.do\/moradores-de-ercilia-pepin-protestan-con-mechones-encendidos-por-deterioro-de-calles\/\">Moradores de Ercilia Pep\u00edn protestan con mechones encendidos por deterioro de calles<\/a> se public\u00f3 primero en <a href=\"https:\/\/elnuevodiario.com.do\">El Nuevo Diario (Rep\u00fablica Dominicana)<\/a>.<\/p>\n","protected":false},"excerpt":{"rendered":"EL NUEVO DIARIO, SAN FRANCISCO DE MACOR\u00cdS.- Con mechones encendidos, pancartas y&hellip;\n","protected":false},"author":1,"featured_media":66984,"comment_status":"open","ping_status":"open","sticky":false,"template":"","format":"standard","meta":{"footnotes":""},"categories":[1],"tags":[],"class_list":["post-66983","post","type-post","status-publish","format-standard","has-post-thumbnail","category-nacionales"],"_links":{"self":[{"href":"https:\/\/acronoticias.com\/index.php\/wp-json\/wp\/v2\/posts\/66983","targetHints":{"allow":["GET"]}}],"collection":[{"href":"https:\/\/acronoticias.com\/index.php\/wp-json\/wp\/v2\/posts"}],"about":[{"href":"https:\/\/acronoticias.com\/index.php\/wp-json\/wp\/v2\/types\/post"}],"author":[{"embeddable":true,"href":"https:\/\/acronoticias.com\/index.php\/wp-json\/wp\/v2\/users\/1"}],"replies":[{"embeddable":true,"href":"https:\/\/acronoticias.com\/index.php\/wp-json\/wp\/v2\/comments?post=66983"}],"version-history":[{"count":0,"href":"https:\/\/acronoticias.com\/index.php\/wp-json\/wp\/v2\/posts\/66983\/revisions"}],"wp:featuredmedia":[{"embeddable":true,"href":"https:\/\/acronoticias.com\/index.php\/wp-json\/wp\/v2\/media\/66984"}],"wp:attachment":[{"href":"https:\/\/acronoticias.com\/index.php\/wp-json\/wp\/v2\/media?parent=66983"}],"wp:term":[{"taxonomy":"category","embeddable":true,"href":"https:\/\/acronoticias.com\/index.php\/wp-json\/wp\/v2\/categories?post=66983"},{"taxonomy":"post_tag","embeddable":true,"href":"https:\/\/acronoticias.com\/index.php\/wp-json\/wp\/v2\/tags?post=66983"}],"curies":[{"name":"wp","href":"https:\/\/api.w.org\/{rel}","templated":true}]}}