{"id":66978,"date":"2026-09-03T01:40:46","date_gmt":"2026-09-03T01:40:46","guid":{"rendered":"https:\/\/acronoticias.com\/index.php\/2026\/09\/03\/video-piden-declarar-en-emergencia-el-sembrador-iii-en-ciudad-juan-bosch-por-proliferacion-de-ratas\/"},"modified":"2026-09-03T01:40:46","modified_gmt":"2026-09-03T01:40:46","slug":"video-piden-declarar-en-emergencia-el-sembrador-iii-en-ciudad-juan-bosch-por-proliferacion-de-ratas","status":"publish","type":"post","link":"https:\/\/acronoticias.com\/index.php\/2026\/09\/03\/video-piden-declarar-en-emergencia-el-sembrador-iii-en-ciudad-juan-bosch-por-proliferacion-de-ratas\/","title":{"rendered":"(VIDEO) Piden declarar en emergencia El Sembrador III en Ciudad Juan Bosch por proliferaci\u00f3n de ratas"},"content":{"rendered":"<p><img loading=\"lazy\" decoding=\"async\" width=\"344\" height=\"200\" src=\"https:\/\/nuevodiario-assets.s3.us-east-2.amazonaws.com\/wp-content\/uploads\/2026\/09\/RATAS-344x200.png\" class=\"webfeedsFeaturedVisual wp-post-image\" alt=\"\" style=\"display: block;margin-bottom: 5px;clear:both;max-width: 100%\" \/><\/p>\n<p class=\"isSelectedEnd\">EL NUEVO DIARIO, SANTO DOMINGO ESTE.<strong>\u2013<\/strong> Residentes del residencial El Sembrador III, ubicado en Ciudad Juan Bosch, solicitaron la intervenci\u00f3n urgente del Ministerio de Salud P\u00fablica ante la proliferaci\u00f3n de ratas que, seg\u00fan denuncian, mantiene en riesgo la salud de las familias y afecta las condiciones de vida en el residencial.<\/p>\n<p class=\"isSelectedEnd\">Los moradores pidieron a las autoridades sanitarias declarar el residencial en estado de emergencia y realizar una intervenci\u00f3n inmediata para controlar la plaga, que aseguran se ha extendido por diferentes \u00e1reas del complejo habitacional.<\/p>\n<p class=\"isSelectedEnd\">En un video enviado a esta redacci\u00f3n se observa una gran cantidad de roedores salir de hoyos ubicados en distintas zonas. Los residentes explicaron que los ratones han construido madrigueras en pr\u00e1cticamente todas las \u00e1reas verdes del residencial, as\u00ed como en las inmediaciones de los contenedores de basura.<\/p>\n<p class=\"isSelectedEnd\">Seg\u00fan los comunitarios, la presencia de los roedores se ha convertido en un problema constante y representa un riesgo para la salud de quienes viven en el lugar, debido a la cercan\u00eda de las madrigueras con las viviendas, \u00e1reas comunes y espacios de estacionamiento.<\/p>\n<p class=\"isSelectedEnd\">Los residentes tambi\u00e9n denunciaron que las ratas han causado da\u00f1os a sus veh\u00edculos al roer cables el\u00e9ctricos, provocando aver\u00edas y gastos para sus propietarios.<\/p>\n<p class=\"isSelectedEnd\">A esta situaci\u00f3n se suma el problema generado por la ubicaci\u00f3n de los contenedores de basura, que, de acuerdo con los moradores, se encuentran pr\u00e1cticamente colindantes con los parqueos. Esta condici\u00f3n, afirman, favorece la concentraci\u00f3n de los roedores y dificulta que los residentes puedan utilizar con tranquilidad sus espacios de estacionamiento.<\/p>\n<p class=\"isSelectedEnd\">Algunos comunitarios aseguran que han optado por no utilizar sus parqueos ante el temor de que los animales contin\u00faen causando da\u00f1os en sus veh\u00edculos.<\/p>\n<p class=\"isSelectedEnd\">Los moradores consideran que la situaci\u00f3n requiere una respuesta sanitaria inmediata, debido a la cantidad de madrigueras y roedores que, seg\u00fan muestran las im\u00e1genes, se encuentran en las \u00e1reas verdes y alrededor de los puntos de disposici\u00f3n de desechos.<\/p>\n<p class=\"isSelectedEnd\">Ante este escenario, hicieron un llamado urgente al Ministerio de Salud P\u00fablica para que env\u00ede brigadas al residencial, realice una jornada de desratizaci\u00f3n, saneamiento y fumigaci\u00f3n, y determine las medidas necesarias para controlar la proliferaci\u00f3n de estos animales.<\/p>\n<p class=\"isSelectedEnd\">Asimismo, solicitaron la intervenci\u00f3n de la Constructora Bison\u00f3 para que atienda las condiciones denunciadas por los residentes y contribuya a encontrar una soluci\u00f3n definitiva al problema.<\/p>\n<p>Los comunitarios esperan que tanto las autoridades sanitarias como la constructora respondan a su llamado antes de que la situaci\u00f3n contin\u00fae extendi\u00e9ndose y pueda representar un riesgo mayor para la salud de las familias que habitan en El Sembrador III.<\/p>\n<p><a href=\"https:\/\/nuevodiario-assets.s3.us-east-2.amazonaws.com\/wp-content\/uploads\/2026\/09\/SEMBRADOR-III.mp4\">SEMBRADOR III<\/a><\/p>\n<p>La entrada <a href=\"https:\/\/elnuevodiario.com.do\/video-piden-declarar-en-emergencia-el-sembrador-iii-en-ciudad-juan-bosch-por-proliferacion-de-ratas\/\">(VIDEO) Piden declarar en emergencia El Sembrador III en Ciudad Juan Bosch por proliferaci\u00f3n de ratas<\/a> se public\u00f3 primero en <a href=\"https:\/\/elnuevodiario.com.do\">El Nuevo Diario (Rep\u00fablica Dominicana)<\/a>.<\/p>\n","protected":false},"excerpt":{"rendered":"EL NUEVO DIARIO, SANTO DOMINGO ESTE.\u2013 Residentes del residencial El Sembrador III,&hellip;\n","protected":false},"author":1,"featured_media":66979,"comment_status":"open","ping_status":"open","sticky":false,"template":"","format":"standard","meta":{"footnotes":""},"categories":[1],"tags":[],"class_list":["post-66978","post","type-post","status-publish","format-standard","has-post-thumbnail","category-nacionales"],"_links":{"self":[{"href":"https:\/\/acronoticias.com\/index.php\/wp-json\/wp\/v2\/posts\/66978","targetHints":{"allow":["GET"]}}],"collection":[{"href":"https:\/\/acronoticias.com\/index.php\/wp-json\/wp\/v2\/posts"}],"about":[{"href":"https:\/\/acronoticias.com\/index.php\/wp-json\/wp\/v2\/types\/post"}],"author":[{"embeddable":true,"href":"https:\/\/acronoticias.com\/index.php\/wp-json\/wp\/v2\/users\/1"}],"replies":[{"embeddable":true,"href":"https:\/\/acronoticias.com\/index.php\/wp-json\/wp\/v2\/comments?post=66978"}],"version-history":[{"count":0,"href":"https:\/\/acronoticias.com\/index.php\/wp-json\/wp\/v2\/posts\/66978\/revisions"}],"wp:featuredmedia":[{"embeddable":true,"href":"https:\/\/acronoticias.com\/index.php\/wp-json\/wp\/v2\/media\/66979"}],"wp:attachment":[{"href":"https:\/\/acronoticias.com\/index.php\/wp-json\/wp\/v2\/media?parent=66978"}],"wp:term":[{"taxonomy":"category","embeddable":true,"href":"https:\/\/acronoticias.com\/index.php\/wp-json\/wp\/v2\/categories?post=66978"},{"taxonomy":"post_tag","embeddable":true,"href":"https:\/\/acronoticias.com\/index.php\/wp-json\/wp\/v2\/tags?post=66978"}],"curies":[{"name":"wp","href":"https:\/\/api.w.org\/{rel}","templated":true}]}}