{"id":66976,"date":"2026-09-03T01:24:37","date_gmt":"2026-09-03T01:24:37","guid":{"rendered":"https:\/\/acronoticias.com\/index.php\/2026\/09\/03\/respaldan-creacion-de-unidad-de-salud-mental-infanto-juvenil-en-sde\/"},"modified":"2026-09-03T01:24:37","modified_gmt":"2026-09-03T01:24:37","slug":"respaldan-creacion-de-unidad-de-salud-mental-infanto-juvenil-en-sde","status":"publish","type":"post","link":"https:\/\/acronoticias.com\/index.php\/2026\/09\/03\/respaldan-creacion-de-unidad-de-salud-mental-infanto-juvenil-en-sde\/","title":{"rendered":"Respaldan creaci\u00f3n de unidad de salud mental infanto-juvenil en SDE"},"content":{"rendered":"<p><img decoding=\"async\" width=\"355\" height=\"200\" src=\"https:\/\/nuevodiario-assets.s3.us-east-2.amazonaws.com\/wp-content\/uploads\/2026\/09\/WhatsApp-Image-2026-09-02-at-7.22.37-PM-355x200.jpeg\" class=\"webfeedsFeaturedVisual wp-post-image\" alt=\"\" style=\"display: block;margin-bottom: 5px;clear:both;max-width: 100%\" loading=\"lazy\" \/><\/p>\n<p>EL NUEVO DIARIO, SANTO DOMINGO. \u2013 El abogado Frederick Ferreras, especialista en derecho de familia y protecci\u00f3n de la ni\u00f1ez, manifest\u00f3 su respaldo a la iniciativa legislativa presentada por la diputada Anny Mambr\u00fa, que solicita al Poder Ejecutivo habilitar una Unidad de Intervenci\u00f3n en Crisis de Salud Mental Infanto-Juvenil en el municipio Santo Domingo Este.<\/p>\n<p>Ferreras calific\u00f3 la propuesta como un paso fundamental para fortalecer el sistema de protecci\u00f3n de los derechos de ni\u00f1os, ni\u00f1as y adolescentes, al considerar que la salud mental constituye un componente esencial de su desarrollo integral.<\/p>\n<p>\u201cComo profesional del derecho, veo diariamente las dificultades que enfrentan las familias cuando, ante una crisis de salud mental, no encuentran un espacio especializado que garantice el respeto a la dignidad y los derechos fundamentales de sus hijos\u201d, afirm\u00f3.<\/p>\n<p>El jurista sostuvo que la creaci\u00f3n de esta unidad en Santo Domingo Este responde a la alta densidad poblacional del municipio y a la necesidad de ampliar los servicios p\u00fablicos especializados para menores de edad. A su juicio, contar con un espacio de intervenci\u00f3n en crisis permitir\u00eda ofrecer atenci\u00f3n oportuna, reducir situaciones de vulnerabilidad y brindar apoyo a las familias.<\/p>\n<p>Ferreras destac\u00f3 adem\u00e1s la labor de la diputada Anny Mambr\u00fa, al considerar que su experiencia como profesional de la salud y su funci\u00f3n legislativa reflejan un compromiso con el bienestar de la poblaci\u00f3n. En ese sentido, llam\u00f3 al Ministerio de Salud P\u00fablica y al Servicio Nacional de Salud a valorar la propuesta y darle seguimiento con la celeridad que requiere.<\/p>\n<p>El abogado tambi\u00e9n se\u00f1al\u00f3 que la iniciativa debe ser analizada desde la perspectiva de la protecci\u00f3n integral de la ni\u00f1ez y del principio del inter\u00e9s superior del ni\u00f1o, consagrado en la Constituci\u00f3n dominicana y en la Ley 136-03.<\/p>\n<p>Finalmente, Ferreras exhort\u00f3 a las autoridades y a la sociedad civil a colocar la salud mental infanto-juvenil entre las prioridades de la agenda p\u00fablica, al considerar que garantizar atenci\u00f3n especializada y oportuna contribuye a proteger la vida, la dignidad y el futuro de ni\u00f1os, ni\u00f1as y adolescentes.<\/p>\n<p>La entrada <a href=\"https:\/\/elnuevodiario.com.do\/respaldan-creacion-de-unidad-de-salud-mental-infanto-juvenil-en-sde\/\">Respaldan creaci\u00f3n de unidad de salud mental infanto-juvenil en SDE<\/a> se public\u00f3 primero en <a href=\"https:\/\/elnuevodiario.com.do\">El Nuevo Diario (Rep\u00fablica Dominicana)<\/a>.<\/p>\n","protected":false},"excerpt":{"rendered":"EL NUEVO DIARIO, SANTO DOMINGO. \u2013 El abogado Frederick Ferreras, especialista en&hellip;\n","protected":false},"author":1,"featured_media":66977,"comment_status":"open","ping_status":"open","sticky":false,"template":"","format":"standard","meta":{"footnotes":""},"categories":[1],"tags":[],"class_list":["post-66976","post","type-post","status-publish","format-standard","has-post-thumbnail","category-nacionales"],"_links":{"self":[{"href":"https:\/\/acronoticias.com\/index.php\/wp-json\/wp\/v2\/posts\/66976","targetHints":{"allow":["GET"]}}],"collection":[{"href":"https:\/\/acronoticias.com\/index.php\/wp-json\/wp\/v2\/posts"}],"about":[{"href":"https:\/\/acronoticias.com\/index.php\/wp-json\/wp\/v2\/types\/post"}],"author":[{"embeddable":true,"href":"https:\/\/acronoticias.com\/index.php\/wp-json\/wp\/v2\/users\/1"}],"replies":[{"embeddable":true,"href":"https:\/\/acronoticias.com\/index.php\/wp-json\/wp\/v2\/comments?post=66976"}],"version-history":[{"count":0,"href":"https:\/\/acronoticias.com\/index.php\/wp-json\/wp\/v2\/posts\/66976\/revisions"}],"wp:featuredmedia":[{"embeddable":true,"href":"https:\/\/acronoticias.com\/index.php\/wp-json\/wp\/v2\/media\/66977"}],"wp:attachment":[{"href":"https:\/\/acronoticias.com\/index.php\/wp-json\/wp\/v2\/media?parent=66976"}],"wp:term":[{"taxonomy":"category","embeddable":true,"href":"https:\/\/acronoticias.com\/index.php\/wp-json\/wp\/v2\/categories?post=66976"},{"taxonomy":"post_tag","embeddable":true,"href":"https:\/\/acronoticias.com\/index.php\/wp-json\/wp\/v2\/tags?post=66976"}],"curies":[{"name":"wp","href":"https:\/\/api.w.org\/{rel}","templated":true}]}}