{"id":66968,"date":"2026-09-03T00:52:33","date_gmt":"2026-09-03T00:52:33","guid":{"rendered":"https:\/\/acronoticias.com\/index.php\/2026\/09\/03\/ccrd-revela-hallazgos-en-gestion-de-fulcar-en-minerd-exministro-dice-atendio-observaciones\/"},"modified":"2026-09-03T00:52:33","modified_gmt":"2026-09-03T00:52:33","slug":"ccrd-revela-hallazgos-en-gestion-de-fulcar-en-minerd-exministro-dice-atendio-observaciones","status":"publish","type":"post","link":"https:\/\/acronoticias.com\/index.php\/2026\/09\/03\/ccrd-revela-hallazgos-en-gestion-de-fulcar-en-minerd-exministro-dice-atendio-observaciones\/","title":{"rendered":"CCRD revela hallazgos en gesti\u00f3n de Fulcar en Minerd; exministro dice atendi\u00f3 observaciones"},"content":{"rendered":"<p><img loading=\"lazy\" decoding=\"async\" width=\"355\" height=\"200\" src=\"https:\/\/nuevodiario-assets.s3.us-east-2.amazonaws.com\/wp-content\/uploads\/2026\/09\/WhatsApp-Image-2026-09-02-at-8.07.21-PM-355x200.jpeg\" class=\"webfeedsFeaturedVisual wp-post-image\" alt=\"\" style=\"display: block;margin-bottom: 5px;clear:both;max-width: 100%\" \/><\/p>\n<p>EL NUEVO DIARIO, SANTO DOMINGO. \u2013\u00a0La C\u00e1mara de Cuentas de la Rep\u00fablica Dominicana (CCRD) concluy\u00f3 su investigaci\u00f3n especial al Ministerio de Educaci\u00f3n correspondiente al per\u00edodo del 17 de agosto de 2020 al 3 de agosto de 2022, en la que identific\u00f3 diversos hallazgos. A ra\u00edz de estos resultados, el exministro Roberto Fulcar, quien encabez\u00f3 la instituci\u00f3n durante parte del per\u00edodo auditado, defendi\u00f3 las actuaciones de su administraci\u00f3n y sostuvo que actu\u00f3 con diligencia para corregir debilidades institucionales.<\/p>\n<p>El informe establece en sus conclusiones generales que la investigaci\u00f3n present\u00f3 \u201cobservaciones importantes\u201d. Entre estas menciona incumplimientos de la Ley de Compras y Contrataciones, errores en la clasificaci\u00f3n contable y presupuestaria, incumplimientos relacionados con obras, deficiencias en el control de inventarios y situaciones vinculadas con la administraci\u00f3n de recursos humanos.<\/p>\n<p>Entre los hallazgos figura un error en la clasificaci\u00f3n de gastos por RD$7,764,370, correspondiente a adquisiciones de equipos inform\u00e1ticos y mobiliario escolar. La C\u00e1mara de Cuentas concluy\u00f3 que la evidencia presentada por la exadministraci\u00f3n no desvirtu\u00f3 la observaci\u00f3n y se\u00f1al\u00f3 que \u201cel equipo auditor concluye que la condici\u00f3n observada se mantiene en los mismos t\u00e9rminos\u201d.<\/p>\n<p class=\"PDq2pG_selectionAnchorContainer\" data-start=\"1741\" data-end=\"2388\">El informe tambi\u00e9n recoge deficiencias en contrataciones, incluyendo 18 contratos para la adquisici\u00f3n de dispositivos tecnol\u00f3gicos con avances por RD$210,549,526; situaciones relacionadas con el cumplimiento de plazos en obras para 570 centros educativos; retenciones tributarias aplicadas de forma incorrecta; debilidades en los controles de inventarios y asistencia; retrasos en el pago de prestaciones laborales y expedientes de personal con documentaci\u00f3n incompleta. En sus conclusiones, la CCRD se\u00f1ala adem\u00e1s posibles responsabilidades administrativas y civiles vinculadas con determinados hallazgos.<\/p>\n<p data-start=\"2390\" data-end=\"2840\">La investigaci\u00f3n se\u00f1ala asimismo que algunas actuaciones correspondieron a administraciones posteriores al per\u00edodo examinado y reconoce factores extraordinarios, como la pandemia de COVID-19 y el incremento de los precios de materiales de construcci\u00f3n, que afectaron determinados procesos. En el caso de los contratos tecnol\u00f3gicos, el informe precisa que la falta de ejecuci\u00f3n de determinadas garant\u00edas correspondi\u00f3 a la administraci\u00f3n posterior.<\/p>\n<blockquote>\n<p data-start=\"2842\" data-end=\"3495\"><strong><em>Frente a estos resultados, Fulcar afirm\u00f3 que las observaciones identificadas corresponden a aspectos administrativos y de control que fueron atendidos durante su gesti\u00f3n. En el caso de la clasificaci\u00f3n contable, sostuvo que la situaci\u00f3n hab\u00eda sido identificada y corregida mediante un acto administrativo del 5 de marzo de 2022 y que la administraci\u00f3n solicit\u00f3 acompa\u00f1amiento t\u00e9cnico de la Direcci\u00f3n General de Contabilidad Gubernamental (DIGECOG). \u201cNuestra gesti\u00f3n actu\u00f3 con la debida diligencia institucional para identificar, corregir y prevenir este tipo de situaciones operativas y contables\u201d, expres\u00f3.<\/em><\/strong><\/p>\n<\/blockquote>\n<p data-start=\"3497\" data-end=\"4014\">El exministro tambi\u00e9n sostuvo que al asumir el cargo encontr\u00f3 debilidades preexistentes en los procesos de control de asistencia y administraci\u00f3n de los recursos humanos, por lo que se implementaron medidas de manera gradual. Sobre las prestaciones laborales, afirm\u00f3 que los procesos estuvieron sujetos a los procedimientos y controles establecidos por los \u00f3rganos rectores, particularmente el Ministerio de Administraci\u00f3n P\u00fablica (MAP).<\/p>\n<p data-start=\"4016\" data-end=\"4411\">En relaci\u00f3n con los contratos tecnol\u00f3gicos, Fulcar aleg\u00f3 que su administraci\u00f3n realiz\u00f3 intimaciones a empresas incumplidoras, solicit\u00f3 rescisi\u00f3n de contratos y gestion\u00f3 medidas contra proveedores. El informe reconoce actuaciones de la gesti\u00f3n auditada, aunque se\u00f1ala que la subsanaci\u00f3n fue parcial y que la falta de ejecuci\u00f3n de determinadas garant\u00edas correspondi\u00f3 a la administraci\u00f3n posterior.<\/p>\n<p data-start=\"4413\" data-end=\"4673\">Fulcar tambi\u00e9n defendi\u00f3 las actuaciones de su administraci\u00f3n frente al contexto de la pandemia y el aumento de los costos de construcci\u00f3n, y sostuvo que durante su gesti\u00f3n se identificaron debilidades heredadas y se pusieron en marcha medidas para corregirlas.<\/p>\n<p data-start=\"4675\" data-end=\"4856\">\u201cUna auditor\u00eda seria permite identificar aquello que debe corregirse, fortalecerse o perfeccionarse. Eso forma parte de la responsabilidad de una buena gesti\u00f3n p\u00fablica\u201d, afirm\u00f3.<\/p>\n<p data-start=\"4858\" data-end=\"5145\">El exministro agreg\u00f3 que \u201cla pandemia no pod\u00eda convertirse en una excusa para abandonar los principios de transparencia y responsabilidad\u201d y sostuvo que, mientras m\u00e1s extraordinarias son las circunstancias, mayor debe ser el compromiso \u00e9tico de quienes administran recursos p\u00fablicos.<\/p>\n<p data-start=\"5147\" data-end=\"5391\">\u201cNos correspondi\u00f3 gestionar la educaci\u00f3n dominicana en uno de los momentos m\u00e1s dif\u00edciles de nuestra historia reciente. Lo hicimos enfrentando enormes desaf\u00edos y procurando dejar procesos, controles y soluciones en marcha\u201d, manifest\u00f3 Fulcar.<\/p>\n<p data-start=\"5393\" data-end=\"5737\">Finalmente, asegur\u00f3 tener \u201cla tranquilidad de que no se encontraron irregularidades en nuestra gesti\u00f3n\u201d y afirm\u00f3 que las medidas que correspond\u00eda implementar durante su administraci\u00f3n fueron identificadas y puestas en marcha. Tambi\u00e9n sostuvo que cualquier falta de continuidad posterior corresponde a las administraciones que le sucedieron.<\/p>\n<p data-start=\"5739\" data-end=\"5991\">\u201cSiempre hemos defendido que la gesti\u00f3n p\u00fablica debe ser evaluada con documentos, con evidencias y con responsabilidad. Hoy esos documentos est\u00e1n disponibles para que la sociedad conozca lo ocurrido y pueda formarse su propia valoraci\u00f3n\u201d, sostuvo.<\/p>\n<p>La entrada <a href=\"https:\/\/elnuevodiario.com.do\/ccrd-revela-hallazgos-en-gestion-de-fulcar-en-minerd-exministro-dice-atendio-observaciones\/\">CCRD revela hallazgos en gesti\u00f3n de Fulcar en Minerd; exministro dice atendi\u00f3 observaciones<\/a> se public\u00f3 primero en <a href=\"https:\/\/elnuevodiario.com.do\">El Nuevo Diario (Rep\u00fablica Dominicana)<\/a>.<\/p>\n","protected":false},"excerpt":{"rendered":"EL NUEVO DIARIO, SANTO DOMINGO. \u2013\u00a0La C\u00e1mara de Cuentas de la Rep\u00fablica&hellip;\n","protected":false},"author":1,"featured_media":66969,"comment_status":"open","ping_status":"open","sticky":false,"template":"","format":"standard","meta":{"footnotes":""},"categories":[1],"tags":[],"class_list":["post-66968","post","type-post","status-publish","format-standard","has-post-thumbnail","category-nacionales"],"_links":{"self":[{"href":"https:\/\/acronoticias.com\/index.php\/wp-json\/wp\/v2\/posts\/66968","targetHints":{"allow":["GET"]}}],"collection":[{"href":"https:\/\/acronoticias.com\/index.php\/wp-json\/wp\/v2\/posts"}],"about":[{"href":"https:\/\/acronoticias.com\/index.php\/wp-json\/wp\/v2\/types\/post"}],"author":[{"embeddable":true,"href":"https:\/\/acronoticias.com\/index.php\/wp-json\/wp\/v2\/users\/1"}],"replies":[{"embeddable":true,"href":"https:\/\/acronoticias.com\/index.php\/wp-json\/wp\/v2\/comments?post=66968"}],"version-history":[{"count":0,"href":"https:\/\/acronoticias.com\/index.php\/wp-json\/wp\/v2\/posts\/66968\/revisions"}],"wp:featuredmedia":[{"embeddable":true,"href":"https:\/\/acronoticias.com\/index.php\/wp-json\/wp\/v2\/media\/66969"}],"wp:attachment":[{"href":"https:\/\/acronoticias.com\/index.php\/wp-json\/wp\/v2\/media?parent=66968"}],"wp:term":[{"taxonomy":"category","embeddable":true,"href":"https:\/\/acronoticias.com\/index.php\/wp-json\/wp\/v2\/categories?post=66968"},{"taxonomy":"post_tag","embeddable":true,"href":"https:\/\/acronoticias.com\/index.php\/wp-json\/wp\/v2\/tags?post=66968"}],"curies":[{"name":"wp","href":"https:\/\/api.w.org\/{rel}","templated":true}]}}