{"id":66964,"date":"2026-09-03T00:20:58","date_gmt":"2026-09-03T00:20:58","guid":{"rendered":"https:\/\/acronoticias.com\/index.php\/2026\/09\/03\/yannerys-paulino-valora-medidas-para-proteger-los-parques-nacionales\/"},"modified":"2026-09-03T00:20:58","modified_gmt":"2026-09-03T00:20:58","slug":"yannerys-paulino-valora-medidas-para-proteger-los-parques-nacionales","status":"publish","type":"post","link":"https:\/\/acronoticias.com\/index.php\/2026\/09\/03\/yannerys-paulino-valora-medidas-para-proteger-los-parques-nacionales\/","title":{"rendered":"Yannerys Paulino valora medidas para proteger los parques nacionales"},"content":{"rendered":"<p><img decoding=\"async\" width=\"355\" height=\"200\" src=\"https:\/\/nuevodiario-assets.s3.us-east-2.amazonaws.com\/wp-content\/uploads\/2026\/09\/661bde15-c627-4956-9351-73b6d58fbf69-355x200.jpg\" class=\"webfeedsFeaturedVisual wp-post-image\" alt=\"\" style=\"display: block;margin-bottom: 5px;clear:both;max-width: 100%\" loading=\"lazy\" \/><\/p>\n<p>EL NUEVO DIARIO, SANTO DOMINGO. \u2013 La periodista Yannerys Paulino calific\u00f3 este mi\u00e9rcoles como oportuna, la iniciativa anunciada por el presidente Luis Abinader para endurecer las medidas contra quienes realicen acciones que atenten contra los parques nacionales y los recursos naturales del pa\u00eds.<\/p>\n<p>Paulino consider\u00f3 que la decisi\u00f3n llega en un momento en que el mundo enfrenta los efectos cada vez m\u00e1s evidentes del cambio clim\u00e1tico, situaci\u00f3n que a su juicio obliga a fortalecer las pol\u00edticas destinadas a preservar el medioambiente.<\/p>\n<p>\u201cOportuna la iniciativa en un momento como este, en que el mundo est\u00e1 siendo azotado por los efectos del cambio clim\u00e1tico\u201d, expres\u00f3 la comunicadora.<\/p>\n<p>La comentarista emiti\u00f3 estas declaraciones junto a los comunicadores Brinio Batista e Hilaria Hilario en el programa \u201cEl Mundo Hoy\u201d, que se transmite a trav\u00e9s de la plataforma digital \u201cEl Nuevo Diario TV\u201d.<\/p>\n<p>(Ver programa).<\/p>\n<div class=\"jetpack-video-wrapper\"><\/div>\n<p>Paulino se\u00f1al\u00f3 que los fen\u00f3menos asociados al cambio clim\u00e1tico han puesto de manifiesto la necesidad de que los Estados adopten medidas m\u00e1s firmes para proteger los ecosistemas y evitar acciones que deterioren los recursos naturales.<\/p>\n<p>Sostuvo que la naturaleza est\u00e1 evidenciando las consecuencias de las acciones humanas contra el medioambiente, por lo que valor\u00f3 positivamente cualquier iniciativa orientada a preservar las \u00e1reas protegidas.<\/p>\n<p>En ese sentido, calific\u00f3 de positiva la disposici\u00f3n anunciada mediante decreto por el presidente Luis Abinader, mediante la cual se procura establecer sanciones m\u00e1s dr\u00e1sticas contra quienes incurran en acciones que afecten los parques nacionales.<\/p>\n<p>\u201cSe castigar\u00e1 de manera dr\u00e1stica a aquellos que generen acciones que atenten en contra de los parques nacionales\u201d, afirm\u00f3 Yannerys Paulino.<\/p>\n<p>La comunicadora consider\u00f3 que la protecci\u00f3n de estas \u00e1reas debe constituir una prioridad, debido a su importancia para la conservaci\u00f3n de la biodiversidad, los recursos naturales y el equilibrio ambiental.<\/p>\n<p>Paulino llam\u00f3 a crear mayor conciencia sobre la responsabilidad que tienen las autoridades, las comunidades y la ciudadan\u00eda en general de preservar los espacios naturales y evitar pr\u00e1cticas que puedan provocar da\u00f1os irreversibles al medio ambiente.<\/p>\n<p>La entrada <a href=\"https:\/\/elnuevodiario.com.do\/yannerys-paulino-valora-medidas-para-proteger-los-parques-nacionales\/\">Yannerys Paulino valora medidas para proteger los parques nacionales<\/a> se public\u00f3 primero en <a href=\"https:\/\/elnuevodiario.com.do\">El Nuevo Diario (Rep\u00fablica Dominicana)<\/a>.<\/p>\n","protected":false},"excerpt":{"rendered":"EL NUEVO DIARIO, SANTO DOMINGO. \u2013 La periodista Yannerys Paulino calific\u00f3 este&hellip;\n","protected":false},"author":1,"featured_media":66965,"comment_status":"open","ping_status":"open","sticky":false,"template":"","format":"standard","meta":{"footnotes":""},"categories":[1],"tags":[],"class_list":["post-66964","post","type-post","status-publish","format-standard","has-post-thumbnail","category-nacionales"],"_links":{"self":[{"href":"https:\/\/acronoticias.com\/index.php\/wp-json\/wp\/v2\/posts\/66964","targetHints":{"allow":["GET"]}}],"collection":[{"href":"https:\/\/acronoticias.com\/index.php\/wp-json\/wp\/v2\/posts"}],"about":[{"href":"https:\/\/acronoticias.com\/index.php\/wp-json\/wp\/v2\/types\/post"}],"author":[{"embeddable":true,"href":"https:\/\/acronoticias.com\/index.php\/wp-json\/wp\/v2\/users\/1"}],"replies":[{"embeddable":true,"href":"https:\/\/acronoticias.com\/index.php\/wp-json\/wp\/v2\/comments?post=66964"}],"version-history":[{"count":0,"href":"https:\/\/acronoticias.com\/index.php\/wp-json\/wp\/v2\/posts\/66964\/revisions"}],"wp:featuredmedia":[{"embeddable":true,"href":"https:\/\/acronoticias.com\/index.php\/wp-json\/wp\/v2\/media\/66965"}],"wp:attachment":[{"href":"https:\/\/acronoticias.com\/index.php\/wp-json\/wp\/v2\/media?parent=66964"}],"wp:term":[{"taxonomy":"category","embeddable":true,"href":"https:\/\/acronoticias.com\/index.php\/wp-json\/wp\/v2\/categories?post=66964"},{"taxonomy":"post_tag","embeddable":true,"href":"https:\/\/acronoticias.com\/index.php\/wp-json\/wp\/v2\/tags?post=66964"}],"curies":[{"name":"wp","href":"https:\/\/api.w.org\/{rel}","templated":true}]}}