{"id":66958,"date":"2026-09-02T23:52:49","date_gmt":"2026-09-02T23:52:49","guid":{"rendered":"https:\/\/acronoticias.com\/index.php\/2026\/09\/02\/el-dia-en-que-duarte-fue-llevado-prisionero-a-la-fortaleza-ozama\/"},"modified":"2026-09-02T23:52:49","modified_gmt":"2026-09-02T23:52:49","slug":"el-dia-en-que-duarte-fue-llevado-prisionero-a-la-fortaleza-ozama","status":"publish","type":"post","link":"https:\/\/acronoticias.com\/index.php\/2026\/09\/02\/el-dia-en-que-duarte-fue-llevado-prisionero-a-la-fortaleza-ozama\/","title":{"rendered":"El d\u00eda en que Duarte fue llevado prisionero a la Fortaleza Ozama"},"content":{"rendered":"<div>\n<div class=\"c-detail__author full\">\n<div>\n<div class=\"c-detail__author__thumb\">\n<figure>\n                                <picture src=\"https:\/\/imagenes.hoy.com.do\/files\/image_square_xs\/uploads\/2025\/11\/07\/690dd0632c2cb.jpeg\" data-size=\"w:40,h:40\">\n                                    <img decoding=\"async\" loading=\"lazy\" alt=\"Lency Alc\u00e1ntara\" width=\"40\" height=\"40\" src=\"https:\/\/imagenes.hoy.com.do\/files\/image_square_xs\/uploads\/2025\/11\/07\/690dd0632c2cb.jpeg\"\/>\n                                <\/picture>\n                                <\/figure>\n<\/div>\n<\/div>\n<\/div>\n<p>                                                                                            <!-- --><\/p>\n<p class=\"paragraph\"><b>La paradoja hist\u00f3rica del 27 de agosto de 1844 r<\/b>evela el choque de visiones que marc\u00f3 los primeros meses de la Rep\u00fablica Dominicana. Apenas seis meses despu\u00e9s de la proclamaci\u00f3n de la Independencia, el ide\u00f3logo Juan Pablo Duarte ingresaba como prisionero a la Fortaleza Ozama, tras ser arrestado en Puerto Plata por \u00f3rdenes del sector conservador encabezado por Pedro Santana.<\/p>\n<p class=\"paragraph\">El apresamiento fue el desenlace de la crisis pol\u00edtica entre los trinitarios, defensores de una soberan\u00eda absoluta, y la facci\u00f3n hatera-anexionista, que buscaba el amparo de una potencia extranjera para sostener la naciente Rep\u00fablica frente a las amenazas haitianas.<\/p>\n<p class=\"paragraph\">El 22 de agosto de 1844, Duarte fue capturado en Puerto Plata, pese a haber sido aclamado semanas antes como presidente por los pueblos del Cibao.\u00a0<\/p>\n<p class=\"paragraph\">El 27 de agosto, bajo fuerte custodia, lleg\u00f3 a Santo Domingo y fue recluido en las mazmorras de la Torre del Homenaje, coincidiendo con el sexto mes de la gesta independentista. Poco despu\u00e9s, la Junta Central Gubernamental, dominada por Santana, lo declar\u00f3 junto a S\u00e1nchez y Mella como \u201ctraidor a la patria\u201d.<\/p>\n<div class=\"c-detail__box \">\n<article class=\"c-detail__sumario \">\n<figure class=\"c-detail__sumario__thumb\" style=\"display: block;\">\n            <a href=\"#\" title=\"\">\n                <picture data-size=\"w:140,h:140\" loading=\"lazy\" src=\"https:\/\/imagenes.hoy.com.do\/files\/related_image\/uploads\/2026\/01\/24\/697566cf339de.jpeg\" data-full-src=\"https:\/\/imagenes.hoy.com.do\/uploads\/2026\/01\/24\/697566cf339de.jpeg\">\n                    <img loading=\"lazy\" decoding=\"async\" width=\"140\" height=\"140\" alt=\"Foto de Juan Pablo Duarte, tomada por Pr\u00f3spero Rey en 1873.\" src=\"https:\/\/imagenes.hoy.com.do\/uploads\/2026\/01\/24\/697566cf339de.jpeg\"\/>\n                <\/picture>\n            <\/a><br \/>\n        <\/figure>\n<\/article>\n<\/div>\n<p class=\"paragraph\">El 10 de septiembre de 1844, tras d\u00edas de reclusi\u00f3n, Duarte fue embarcado hacia Hamburgo, iniciando un destierro que lo mantendr\u00eda alejado del suelo patrio durante d\u00e9cadas.<\/p>\n<p class=\"paragraph\">La prisi\u00f3n de Duarte en la Fortaleza Ozama simboliz\u00f3 el quiebre del proyecto democr\u00e1tico trinitario y consolid\u00f3 el dominio militar y conservador en la conducci\u00f3n del Estado. Aquel episodio dej\u00f3 marcada la tensi\u00f3n entre la soberan\u00eda absoluta y la dependencia exterior, dilema que acompa\u00f1ar\u00eda a la Rep\u00fablica en sus primeros pasos.<\/p>\n<\/p><\/div>\n","protected":false},"excerpt":{"rendered":"La paradoja hist\u00f3rica del 27 de agosto de 1844 revela el choque&hellip;\n","protected":false},"author":1,"featured_media":66959,"comment_status":"open","ping_status":"open","sticky":false,"template":"","format":"standard","meta":{"footnotes":""},"categories":[3],"tags":[],"class_list":["post-66958","post","type-post","status-publish","format-standard","has-post-thumbnail","category-internacionales"],"_links":{"self":[{"href":"https:\/\/acronoticias.com\/index.php\/wp-json\/wp\/v2\/posts\/66958","targetHints":{"allow":["GET"]}}],"collection":[{"href":"https:\/\/acronoticias.com\/index.php\/wp-json\/wp\/v2\/posts"}],"about":[{"href":"https:\/\/acronoticias.com\/index.php\/wp-json\/wp\/v2\/types\/post"}],"author":[{"embeddable":true,"href":"https:\/\/acronoticias.com\/index.php\/wp-json\/wp\/v2\/users\/1"}],"replies":[{"embeddable":true,"href":"https:\/\/acronoticias.com\/index.php\/wp-json\/wp\/v2\/comments?post=66958"}],"version-history":[{"count":0,"href":"https:\/\/acronoticias.com\/index.php\/wp-json\/wp\/v2\/posts\/66958\/revisions"}],"wp:featuredmedia":[{"embeddable":true,"href":"https:\/\/acronoticias.com\/index.php\/wp-json\/wp\/v2\/media\/66959"}],"wp:attachment":[{"href":"https:\/\/acronoticias.com\/index.php\/wp-json\/wp\/v2\/media?parent=66958"}],"wp:term":[{"taxonomy":"category","embeddable":true,"href":"https:\/\/acronoticias.com\/index.php\/wp-json\/wp\/v2\/categories?post=66958"},{"taxonomy":"post_tag","embeddable":true,"href":"https:\/\/acronoticias.com\/index.php\/wp-json\/wp\/v2\/tags?post=66958"}],"curies":[{"name":"wp","href":"https:\/\/api.w.org\/{rel}","templated":true}]}}