{"id":66956,"date":"2026-09-02T23:48:38","date_gmt":"2026-09-02T23:48:38","guid":{"rendered":"https:\/\/acronoticias.com\/index.php\/2026\/09\/02\/copre-ajusta-operacion-de-presas-ante-deficit-de-lluvias-y-prioriza-agua-para-acueductos-y-riego\/"},"modified":"2026-09-02T23:48:38","modified_gmt":"2026-09-02T23:48:38","slug":"copre-ajusta-operacion-de-presas-ante-deficit-de-lluvias-y-prioriza-agua-para-acueductos-y-riego","status":"publish","type":"post","link":"https:\/\/acronoticias.com\/index.php\/2026\/09\/02\/copre-ajusta-operacion-de-presas-ante-deficit-de-lluvias-y-prioriza-agua-para-acueductos-y-riego\/","title":{"rendered":"Copre ajusta operaci\u00f3n de presas ante d\u00e9ficit de lluvias y prioriza agua para acueductos y riego"},"content":{"rendered":"<p><img decoding=\"async\" width=\"355\" height=\"200\" src=\"https:\/\/nuevodiario-assets.s3.us-east-2.amazonaws.com\/wp-content\/uploads\/2026\/09\/Copre-3-355x200.jpeg\" class=\"webfeedsFeaturedVisual wp-post-image\" alt=\"\" style=\"display: block;margin-bottom: 5px;clear:both;max-width: 100%\" loading=\"lazy\" \/><\/p>\n<p class=\"isSelectedEnd\">EL NUEVO DIARIO, SANTO DOMINGO.\u2013 El Comit\u00e9 de Operaci\u00f3n de Presas y Embalses (Copre) mantiene bajo vigilancia permanente los niveles, caudales de entrada y vol\u00famenes almacenados en las principales presas del pa\u00eds, ante las proyecciones de un d\u00e9ficit de lluvias durante el per\u00edodo septiembre-noviembre.<\/p>\n<p class=\"isSelectedEnd\">Como parte de las medidas adoptadas, el organismo ajust\u00f3 la operaci\u00f3n de los embalses para garantizar el abastecimiento de los acueductos y atender la demanda de riego, tomando en cuenta la disponibilidad del recurso h\u00eddrico y las condiciones meteorol\u00f3gicas previstas para las pr\u00f3ximas semanas.<\/p>\n<p class=\"isSelectedEnd\">La situaci\u00f3n fue analizada durante la reuni\u00f3n semanal conjunta del COPRE y el Observatorio del Agua, celebrada en el Instituto Nacional de Recursos Hidr\u00e1ulicos (Indrhi), encabezada por su director ejecutivo, Olmedo Caba Romano; el administrador general de la Empresa de Generaci\u00f3n Hidroel\u00e9ctrica Dominicana (Egehid), Rafael Salazar, y el director del Centro de Operaciones de Emergencias (COE), coronel Erdwin Olivares.<\/p>\n<p><a href=\"https:\/\/elnuevodiario.com.do\/copre-ajusta-operacion-de-presas-ante-deficit-de-lluvias-y-prioriza-agua-para-acueductos-y-riego\/copre-2\/\"><img loading=\"lazy\" decoding=\"async\" data-recalc-dims=\"1\" width=\"640\" height=\"427\" src=\"https:\/\/i0.wp.com\/nuevodiario-assets.s3.us-east-2.amazonaws.com\/wp-content\/uploads\/2026\/09\/Copre-2.jpeg?resize=640%2C427&quality=100&ssl=1\" class=\"attachment-full size-full\" alt=\"\" \/><\/a><\/p>\n<p class=\"isSelectedEnd\">Durante el encuentro, Olivares resalt\u00f3 la coordinaci\u00f3n entre las instituciones que integran el comit\u00e9 y reiter\u00f3 la disposici\u00f3n de fortalecer el trabajo conjunto como parte de las acciones preventivas para reducir los posibles efectos de las condiciones de sequ\u00eda.<\/p>\n<p class=\"isSelectedEnd\">El meteor\u00f3logo del Instituto Dominicano de Meteorolog\u00eda (Indomet), Emmanuel \u00c1lvarez, present\u00f3 un informe sobre el comportamiento de las precipitaciones y las perspectivas clim\u00e1ticas para el trimestre septiembre-noviembre. Explic\u00f3 que los diferentes modelos meteorol\u00f3gicos coinciden en proyectar un escenario de d\u00e9ficit de lluvias para Rep\u00fablica Dominicana.<\/p>\n<p class=\"isSelectedEnd\">\u00c1lvarez indic\u00f3 que los desv\u00edos negativos de las precipitaciones comenzaron a acentuarse desde mayo y se mantuvieron hasta julio, situaci\u00f3n que ha contribuido a consolidar condiciones de sequ\u00eda meteorol\u00f3gica.<\/p>\n<p class=\"isSelectedEnd\">Asimismo, se\u00f1al\u00f3 que persiste el fen\u00f3meno de El Ni\u00f1o con una intensidad fuerte, condici\u00f3n que est\u00e1 relacionada con una menor actividad cicl\u00f3nica y una reducci\u00f3n de las precipitaciones en la regi\u00f3n del Caribe.<\/p>\n<p class=\"isSelectedEnd\">Ante este panorama, el Copre acord\u00f3 mantener entre el 2 y el 9 de septiembre una operaci\u00f3n ajustada a las necesidades particulares de cada sistema y a la cantidad de agua disponible en los embalses.<\/p>\n<p><a href=\"https:\/\/elnuevodiario.com.do\/copre-ajusta-operacion-de-presas-ante-deficit-de-lluvias-y-prioriza-agua-para-acueductos-y-riego\/copre-1\/\"><img loading=\"lazy\" decoding=\"async\" data-recalc-dims=\"1\" width=\"640\" height=\"427\" src=\"https:\/\/i0.wp.com\/nuevodiario-assets.s3.us-east-2.amazonaws.com\/wp-content\/uploads\/2026\/09\/Copre-1.jpeg?resize=640%2C427&quality=100&ssl=1\" class=\"attachment-full size-full\" alt=\"\" \/><\/a><\/p>\n<p class=\"isSelectedEnd\">En el sistema Tavera-Bao-L\u00f3pez Angostura, la presa de Tavera continuar\u00e1 operando para suplir la demanda de riego, mientras Angostura mantendr\u00e1 su operaci\u00f3n normal con 19 metros c\u00fabicos por segundo (m\u00b3\/s). Desde Bao se mantendr\u00e1 una salida de 4.43 m\u00b3\/s destinada a satisfacer las necesidades de los acueductos.<\/p>\n<p class=\"isSelectedEnd\">En Monci\u00f3n, la operaci\u00f3n seguir\u00e1 de manera normal para atender la demanda de riego, con un caudal de 12 m\u00b3\/s, adem\u00e1s de una salida de 3.43 m\u00b3\/s para el Acueducto Regional de la L\u00ednea Noroeste.<\/p>\n<p class=\"isSelectedEnd\">Por su parte, Hatillo mantendr\u00e1 una operaci\u00f3n de 25 m\u00b3\/s para cubrir la demanda de riego.<\/p>\n<p class=\"isSelectedEnd\">En la presa de Rinc\u00f3n se mantendr\u00e1 una operaci\u00f3n racionalizada. La central hidroel\u00e9ctrica permanecer\u00e1 fuera de servicio hasta el 6 de septiembre, mientras el embalse ser\u00e1 operado con un caudal de 2.10 m\u00b3\/s para garantizar el suministro al acueducto. La medida se adopta luego de concluir el segundo ciclo de siembra de arroz.<\/p>\n<p class=\"isSelectedEnd\">Mientras, en el complejo formado por Jig\u00fcey, Aguacate, Valdesia y Las Bar\u00edas, las centrales hidroel\u00e9ctricas permanecer\u00e1n fuera de operaci\u00f3n debido al exceso de humedad, al tiempo que desde Valdesia se mantendr\u00e1 una descarga de 8.3 m\u00b3\/s destinada a los acueductos.<\/p>\n<p class=\"isSelectedEnd\">En Sabana Yegua, la central hidroel\u00e9ctrica tambi\u00e9n continuar\u00e1 fuera de operaci\u00f3n debido al exceso de humedad. En Sabaneta, en cambio, la central operar\u00e1 con un caudal de 10 m\u00b3\/s durante 18 horas, mientras que en las seis horas restantes se destinar\u00e1n 2 m\u00b3\/s al acueducto de San Juan a trav\u00e9s del chorro hueco.<\/p>\n<p class=\"isSelectedEnd\">El administrador general de Egehid, Rafael Salazar, explic\u00f3 que las decisiones sobre el manejo de los embalses se adoptan conforme a los protocolos establecidos y tomando en consideraci\u00f3n las proyecciones meteorol\u00f3gicas, los niveles de almacenamiento y los caudales de entrada registrados en cada presa.<\/p>\n<p class=\"isSelectedEnd\">Durante la reuni\u00f3n tambi\u00e9n se inform\u00f3 que Monci\u00f3n mantiene una condici\u00f3n favorable en cuanto al volumen almacenado, aunque registra un caudal de entrada m\u00ednimo y la cuenca aporta actualmente un flujo base.<\/p>\n<p class=\"isSelectedEnd\">Asimismo, se indic\u00f3 que las presas de Hatillo, Valdesia y Sabana Yegua presentan niveles favorables. En el caso de Sabaneta, las autoridades determinaron limitar los cultivos que requieren mayores cantidades de agua, como parte de las medidas para preservar el recurso disponible.<\/p>\n<p class=\"isSelectedEnd\">El Copre tambi\u00e9n plante\u00f3 reforzar la coordinaci\u00f3n con los productores agr\u00edcolas, el Ministerio de Agricultura y el Indrhi para establecer una adecuada asignaci\u00f3n del agua y fomentar el uso racional del recurso frente a las actuales condiciones de sequ\u00eda.<\/p>\n<p class=\"isSelectedEnd\">Las instituciones que integran el comit\u00e9 continuar\u00e1n monitoreando la evoluci\u00f3n de las condiciones hidrometeorol\u00f3gicas y el comportamiento de los principales embalses del pa\u00eds, con el objetivo de anticipar posibles escenarios, modificar las operaciones cuando sea necesario y garantizar la disponibilidad de agua para las necesidades prioritarias de la poblaci\u00f3n.<\/p>\n<p>En la reuni\u00f3n participaron adem\u00e1s representantes de los Ministerios de Defensa y Agricultura, del Instituto Nacional de Aguas Potables y Alcantarillados (Inapa), as\u00ed como otros funcionarios y t\u00e9cnicos vinculados a la gesti\u00f3n de los recursos h\u00eddricos.<\/p>\n<p>\u00a0<\/p>\n<p>La entrada <a href=\"https:\/\/elnuevodiario.com.do\/copre-ajusta-operacion-de-presas-ante-deficit-de-lluvias-y-prioriza-agua-para-acueductos-y-riego\/\">Copre ajusta operaci\u00f3n de presas ante d\u00e9ficit de lluvias y prioriza agua para acueductos y riego<\/a> se public\u00f3 primero en <a href=\"https:\/\/elnuevodiario.com.do\">El Nuevo Diario (Rep\u00fablica Dominicana)<\/a>.<\/p>\n","protected":false},"excerpt":{"rendered":"EL NUEVO DIARIO, SANTO DOMINGO.\u2013 El Comit\u00e9 de Operaci\u00f3n de Presas y&hellip;\n","protected":false},"author":1,"featured_media":66957,"comment_status":"open","ping_status":"open","sticky":false,"template":"","format":"standard","meta":{"footnotes":""},"categories":[1],"tags":[],"class_list":["post-66956","post","type-post","status-publish","format-standard","has-post-thumbnail","category-nacionales"],"_links":{"self":[{"href":"https:\/\/acronoticias.com\/index.php\/wp-json\/wp\/v2\/posts\/66956","targetHints":{"allow":["GET"]}}],"collection":[{"href":"https:\/\/acronoticias.com\/index.php\/wp-json\/wp\/v2\/posts"}],"about":[{"href":"https:\/\/acronoticias.com\/index.php\/wp-json\/wp\/v2\/types\/post"}],"author":[{"embeddable":true,"href":"https:\/\/acronoticias.com\/index.php\/wp-json\/wp\/v2\/users\/1"}],"replies":[{"embeddable":true,"href":"https:\/\/acronoticias.com\/index.php\/wp-json\/wp\/v2\/comments?post=66956"}],"version-history":[{"count":0,"href":"https:\/\/acronoticias.com\/index.php\/wp-json\/wp\/v2\/posts\/66956\/revisions"}],"wp:featuredmedia":[{"embeddable":true,"href":"https:\/\/acronoticias.com\/index.php\/wp-json\/wp\/v2\/media\/66957"}],"wp:attachment":[{"href":"https:\/\/acronoticias.com\/index.php\/wp-json\/wp\/v2\/media?parent=66956"}],"wp:term":[{"taxonomy":"category","embeddable":true,"href":"https:\/\/acronoticias.com\/index.php\/wp-json\/wp\/v2\/categories?post=66956"},{"taxonomy":"post_tag","embeddable":true,"href":"https:\/\/acronoticias.com\/index.php\/wp-json\/wp\/v2\/tags?post=66956"}],"curies":[{"name":"wp","href":"https:\/\/api.w.org\/{rel}","templated":true}]}}