{"id":66951,"date":"2026-09-02T23:00:34","date_gmt":"2026-09-02T23:00:34","guid":{"rendered":"https:\/\/acronoticias.com\/index.php\/2026\/09\/02\/infotep-destaca-formacion-de-talento-humano-para-fortalecer-el-turismo-dominicano\/"},"modified":"2026-09-02T23:00:34","modified_gmt":"2026-09-02T23:00:34","slug":"infotep-destaca-formacion-de-talento-humano-para-fortalecer-el-turismo-dominicano","status":"publish","type":"post","link":"https:\/\/acronoticias.com\/index.php\/2026\/09\/02\/infotep-destaca-formacion-de-talento-humano-para-fortalecer-el-turismo-dominicano\/","title":{"rendered":"Infotep destaca formaci\u00f3n de talento humano para fortalecer el turismo dominicano"},"content":{"rendered":"<p><img decoding=\"async\" width=\"355\" height=\"200\" src=\"https:\/\/nuevodiario-assets.s3.us-east-2.amazonaws.com\/wp-content\/uploads\/2026\/09\/Infotep-destaca-formacion-de-talento-humano-para-fortalecer-el-turismo-dominicano-2-355x200.jpg\" class=\"webfeedsFeaturedVisual wp-post-image\" alt=\"\" style=\"display: block;margin-bottom: 5px;clear:both;max-width: 100%\" loading=\"lazy\" \/><\/p>\n<p>EL NUEVO DIARIO, PUNTA CANA, LA ALTAGRACIA.\u2013<span style=\"font-size: 16px\"> La directora general del Instituto Nacional de Formaci\u00f3n T\u00e9cnico Profesional (Infotep), Maira Morla destac\u00f3 la importancia de capacitar el talento humano para responder a las necesidades de la industria tur\u00edstica, durante la apertura de la 38.\u00aa Exposici\u00f3n Comercial de la Asociaci\u00f3n de Hoteles y Turismo de la Rep\u00fablica Dominicana (Asonahores).<\/span><\/p>\n<p>Morla resalt\u00f3 los resultados de la Escuela de Hosteler\u00eda y Turismo Gabriel Escarrer Juli\u00e1, ubicada en Punta Cana, donde m\u00e1s de 600 empleados del grupo Meli\u00e1 han recibido formaci\u00f3n y capacitaci\u00f3n desde la puesta en funcionamiento del centro.<\/p>\n<p>Explic\u00f3 que los participantes han adquirido competencias t\u00e9cnicas en \u00e1reas como reposter\u00eda, hoteler\u00eda, camarer\u00eda de pisos, bebidas y restaurantes, entre otras especialidades vinculadas con los perfiles que demanda el sector tur\u00edstico.<\/p>\n<figure id=\"attachment_3262889\" aria-describedby=\"caption-attachment-3262889\" style=\"width: 400px\" class=\"wp-caption alignnone\"><img loading=\"lazy\" decoding=\"async\" data-recalc-dims=\"1\" class=\"size-medium wp-image-3262889\" src=\"https:\/\/i0.wp.com\/nuevodiario-assets.s3.us-east-2.amazonaws.com\/wp-content\/uploads\/2026\/09\/Infotep-destaca-formacion-de-talento-humano-para-fortalecer-el-turismo-dominicano-3-400x233.jpg?resize=400%2C233&quality=100&ssl=1\" alt=\"\" width=\"400\" height=\"233\" \/><figcaption id=\"caption-attachment-3262889\" class=\"wp-caption-text\">Foto: Fuente externa<\/figcaption><\/figure>\n<p>\u201cLa formaci\u00f3n que ofrecemos responde a las necesidades concretas de las empresas\u201d, afirm\u00f3 Morla, al se\u00f1alar que el Infotep tambi\u00e9n desarrolla programas de capacitaci\u00f3n en mantenimiento de piscinas, mantenimiento hotelero, electricidad industrial y plomer\u00eda o fontaner\u00eda.<\/p>\n<p>Asimismo, indic\u00f3 que la instituci\u00f3n impulsa iniciativas dirigidas a emprendedores y personas desempleadas que buscan incorporarse al mercado laboral.<\/p>\n<h4 id=\"infotep-exhibe-talento-gastronomico-formado-en-higuey\">Infotep exhibe talento gastron\u00f3mico formado en Hig\u00fcey<\/h4>\n<p>Durante su participaci\u00f3n en la Exposici\u00f3n Comercial de Asonahores, el INFOTEP tambi\u00e9n present\u00f3 demostraciones de gastronom\u00eda y reposter\u00eda a cargo de participantes de la Escuela de Gastronom\u00eda de Hig\u00fcey.<\/p>\n<figure id=\"attachment_3262887\" aria-describedby=\"caption-attachment-3262887\" style=\"width: 400px\" class=\"wp-caption alignnone\"><img loading=\"lazy\" decoding=\"async\" data-recalc-dims=\"1\" class=\"size-medium wp-image-3262887\" src=\"https:\/\/i0.wp.com\/nuevodiario-assets.s3.us-east-2.amazonaws.com\/wp-content\/uploads\/2026\/09\/Infotep-destaca-formacion-de-talento-humano-para-fortalecer-el-turismo-dominicano-400x267.jpg?resize=400%2C267&quality=100&ssl=1\" alt=\"\" width=\"400\" height=\"267\" \/><figcaption id=\"caption-attachment-3262887\" class=\"wp-caption-text\">Foto: Fuente externa<\/figcaption><\/figure>\n<p>Los asistentes pudieron observar el proceso de elaboraci\u00f3n y degustar productos preparados por los participantes durante su proceso formativo, entre ellos bizcochos, brownies, pastelitos y croquetas.<\/p>\n<p>La actividad sirvi\u00f3 para mostrar las habilidades t\u00e9cnicas adquiridas por los estudiantes y el aporte de la formaci\u00f3n t\u00e9cnico-profesional a la preparaci\u00f3n del personal que requiere la industria tur\u00edstica.<\/p>\n<p>La 38.\u00aa Exposici\u00f3n Comercial de Asonahores se desarrolla del 2 al 4 de septiembre en Punta Cana, con la participaci\u00f3n de m\u00e1s de 300 expositores nacionales e internacionales y una oferta que incluye alimentos y bebidas, tecnolog\u00eda, servicios financieros, mobiliario, equipos de cocina y soluciones energ\u00e9ticas, entre otros productos y servicios vinculados al turismo.<\/p>\n<p>La entrada <a href=\"https:\/\/elnuevodiario.com.do\/infotep-destaca-formacion-de-talento-humano-para-fortalecer-el-turismo-dominicano\/\">Infotep destaca formaci\u00f3n de talento humano para fortalecer el turismo dominicano<\/a> se public\u00f3 primero en <a href=\"https:\/\/elnuevodiario.com.do\">El Nuevo Diario (Rep\u00fablica Dominicana)<\/a>.<\/p>\n","protected":false},"excerpt":{"rendered":"EL NUEVO DIARIO, PUNTA CANA, LA ALTAGRACIA.\u2013 La directora general del Instituto&hellip;\n","protected":false},"author":1,"featured_media":0,"comment_status":"open","ping_status":"open","sticky":false,"template":"","format":"standard","meta":{"footnotes":""},"categories":[1],"tags":[],"class_list":["post-66951","post","type-post","status-publish","format-standard","category-nacionales"],"_links":{"self":[{"href":"https:\/\/acronoticias.com\/index.php\/wp-json\/wp\/v2\/posts\/66951","targetHints":{"allow":["GET"]}}],"collection":[{"href":"https:\/\/acronoticias.com\/index.php\/wp-json\/wp\/v2\/posts"}],"about":[{"href":"https:\/\/acronoticias.com\/index.php\/wp-json\/wp\/v2\/types\/post"}],"author":[{"embeddable":true,"href":"https:\/\/acronoticias.com\/index.php\/wp-json\/wp\/v2\/users\/1"}],"replies":[{"embeddable":true,"href":"https:\/\/acronoticias.com\/index.php\/wp-json\/wp\/v2\/comments?post=66951"}],"version-history":[{"count":0,"href":"https:\/\/acronoticias.com\/index.php\/wp-json\/wp\/v2\/posts\/66951\/revisions"}],"wp:attachment":[{"href":"https:\/\/acronoticias.com\/index.php\/wp-json\/wp\/v2\/media?parent=66951"}],"wp:term":[{"taxonomy":"category","embeddable":true,"href":"https:\/\/acronoticias.com\/index.php\/wp-json\/wp\/v2\/categories?post=66951"},{"taxonomy":"post_tag","embeddable":true,"href":"https:\/\/acronoticias.com\/index.php\/wp-json\/wp\/v2\/tags?post=66951"}],"curies":[{"name":"wp","href":"https:\/\/api.w.org\/{rel}","templated":true}]}}