{"id":66945,"date":"2026-09-02T22:44:38","date_gmt":"2026-09-02T22:44:38","guid":{"rendered":"https:\/\/acronoticias.com\/index.php\/2026\/09\/02\/accidente-de-patana-cargada-de-varillas-provoca-largo-tapon-en-avenida-john-f-kennedy\/"},"modified":"2026-09-02T22:44:38","modified_gmt":"2026-09-02T22:44:38","slug":"accidente-de-patana-cargada-de-varillas-provoca-largo-tapon-en-avenida-john-f-kennedy","status":"publish","type":"post","link":"https:\/\/acronoticias.com\/index.php\/2026\/09\/02\/accidente-de-patana-cargada-de-varillas-provoca-largo-tapon-en-avenida-john-f-kennedy\/","title":{"rendered":"Accidente de patana cargada de varillas provoca largo tap\u00f3n en avenida John F. Kennedy"},"content":{"rendered":"<p><img loading=\"lazy\" decoding=\"async\" width=\"355\" height=\"200\" src=\"https:\/\/nuevodiario-assets.s3.us-east-2.amazonaws.com\/wp-content\/uploads\/2026\/09\/Quinto-Centenario-patana-END.jpg-355x200.jpeg\" class=\"webfeedsFeaturedVisual wp-post-image\" alt=\"\" style=\"display: block;margin-bottom: 5px;clear:both;max-width: 100%\" \/><\/p>\n<p class=\"isSelectedEnd\">EL NUEVO DIARIO, SANTO DOMINGO.<strong>\u2013<\/strong>Un accidente de tr\u00e1nsito registrado este mi\u00e9rcoles en la avenida John F. Kennedy en direcci\u00f3n oeste-este ha provocado un prolongado congestionamiento vehicular, luego de que una patana cargada de varillas volcara sobre el paso a desnivel que conecta con la avenida Quinto Centenario.<\/p>\n<p class=\"isSelectedEnd\">De manera preliminar, se inform\u00f3 que el furg\u00f3n que transportaba las varillas se habr\u00eda desprendido de la parte trasera de la patana, quedando atravesado sobre la v\u00eda y obstaculizando el tr\u00e1nsito.<\/p>\n<p class=\"isSelectedEnd\">El incidente ha generado largas filas de veh\u00edculos en la zona, afectando la circulaci\u00f3n en direcci\u00f3n hacia el este.<\/p>\n<p class=\"isSelectedEnd\">Agentes de la Direcci\u00f3n General de Seguridad de Tr\u00e1nsito y Transporte Terrestre (Digesett) se encuentran en el lugar para viabilizar el tr\u00e1nsito y controlar el flujo vehicular mientras se realizan las labores para retirar la patana y la carga.<\/p>\n<p>Hasta el momento, no se han ofrecido detalles sobre personas heridas ni sobre las circunstancias exactas que provocaron el accidente.<\/p>\n<p>La entrada <a href=\"https:\/\/elnuevodiario.com.do\/accidente-de-patana-cargada-de-varillas-provoca-largo-tapon-en-avenida-john-f-kennedy\/\">Accidente de patana cargada de varillas provoca largo tap\u00f3n en avenida John F. Kennedy<\/a> se public\u00f3 primero en <a href=\"https:\/\/elnuevodiario.com.do\">El Nuevo Diario (Rep\u00fablica Dominicana)<\/a>.<\/p>\n","protected":false},"excerpt":{"rendered":"EL NUEVO DIARIO, SANTO DOMINGO.\u2013Un accidente de tr\u00e1nsito registrado este mi\u00e9rcoles en&hellip;\n","protected":false},"author":1,"featured_media":66946,"comment_status":"open","ping_status":"open","sticky":false,"template":"","format":"standard","meta":{"footnotes":""},"categories":[1],"tags":[],"class_list":["post-66945","post","type-post","status-publish","format-standard","has-post-thumbnail","category-nacionales"],"_links":{"self":[{"href":"https:\/\/acronoticias.com\/index.php\/wp-json\/wp\/v2\/posts\/66945","targetHints":{"allow":["GET"]}}],"collection":[{"href":"https:\/\/acronoticias.com\/index.php\/wp-json\/wp\/v2\/posts"}],"about":[{"href":"https:\/\/acronoticias.com\/index.php\/wp-json\/wp\/v2\/types\/post"}],"author":[{"embeddable":true,"href":"https:\/\/acronoticias.com\/index.php\/wp-json\/wp\/v2\/users\/1"}],"replies":[{"embeddable":true,"href":"https:\/\/acronoticias.com\/index.php\/wp-json\/wp\/v2\/comments?post=66945"}],"version-history":[{"count":0,"href":"https:\/\/acronoticias.com\/index.php\/wp-json\/wp\/v2\/posts\/66945\/revisions"}],"wp:featuredmedia":[{"embeddable":true,"href":"https:\/\/acronoticias.com\/index.php\/wp-json\/wp\/v2\/media\/66946"}],"wp:attachment":[{"href":"https:\/\/acronoticias.com\/index.php\/wp-json\/wp\/v2\/media?parent=66945"}],"wp:term":[{"taxonomy":"category","embeddable":true,"href":"https:\/\/acronoticias.com\/index.php\/wp-json\/wp\/v2\/categories?post=66945"},{"taxonomy":"post_tag","embeddable":true,"href":"https:\/\/acronoticias.com\/index.php\/wp-json\/wp\/v2\/tags?post=66945"}],"curies":[{"name":"wp","href":"https:\/\/api.w.org\/{rel}","templated":true}]}}