{"id":66939,"date":"2026-09-02T21:56:42","date_gmt":"2026-09-02T21:56:42","guid":{"rendered":"https:\/\/acronoticias.com\/index.php\/2026\/09\/02\/adolescente-de-14-anos-muere-tras-caer-desde-el-decimo-piso-de-un-edificio-en-el-dn\/"},"modified":"2026-09-02T21:56:42","modified_gmt":"2026-09-02T21:56:42","slug":"adolescente-de-14-anos-muere-tras-caer-desde-el-decimo-piso-de-un-edificio-en-el-dn","status":"publish","type":"post","link":"https:\/\/acronoticias.com\/index.php\/2026\/09\/02\/adolescente-de-14-anos-muere-tras-caer-desde-el-decimo-piso-de-un-edificio-en-el-dn\/","title":{"rendered":"Adolescente de 14 a\u00f1os muere tras caer desde el d\u00e9cimo piso de un edificio en el DN"},"content":{"rendered":"<p><img decoding=\"async\" width=\"355\" height=\"200\" src=\"https:\/\/nuevodiario-assets.s3.us-east-2.amazonaws.com\/wp-content\/uploads\/2026\/09\/Edificio-y-joven-END.jpg-355x200.jpeg\" class=\"webfeedsFeaturedVisual wp-post-image\" alt=\"\" style=\"display: block;margin-bottom: 5px;clear:both;max-width: 100%\" loading=\"lazy\" \/><\/p>\n<p class=\"isSelectedEnd\">EL NUEVO DIARIO, SANTO DOMINGO.\u2013 Un adolescente de aproximadamente 14 a\u00f1os falleci\u00f3 este mi\u00e9rcoles, luego de caer desde el d\u00e9cimo piso de un edificio residencial ubicado en el Distrito Nacional.<\/p>\n<p class=\"isSelectedEnd\">De acuerdo con las informaciones preliminares, el menor se precipit\u00f3 desde uno de los niveles superiores del inmueble, en circunstancias que todav\u00eda no han sido esclarecidas por las autoridades.<\/p>\n<p class=\"isSelectedEnd\">Tras el hecho miembros del Instituto Nacional de Ciencias Forenses (Inacif) acudieron al lugar para realizar el levantamiento del cuerpo y proceder con su traslado, conforme a los protocolos establecidos.<\/p>\n<p class=\"isSelectedEnd\">Las autoridades mantienen abierta una investigaci\u00f3n para determinar c\u00f3mo ocurri\u00f3 la ca\u00edda y establecer las circunstancias que rodearon la muerte del adolescente.<\/p>\n<p>Hasta el momento no han sido ofrecidos oficialmente detalles sobre la identidad del menor ni se ha informado si existen testigos que puedan aportar informaci\u00f3n sobre lo ocurrido.<\/p>\n<p>La entrada <a href=\"https:\/\/elnuevodiario.com.do\/adolescente-de-14-anos-muere-tras-caer-desde-el-decimo-piso-de-un-edificio-en-el-dn\/\">Adolescente de 14 a\u00f1os muere tras caer desde el d\u00e9cimo piso de un edificio en el DN<\/a> se public\u00f3 primero en <a href=\"https:\/\/elnuevodiario.com.do\">El Nuevo Diario (Rep\u00fablica Dominicana)<\/a>.<\/p>\n","protected":false},"excerpt":{"rendered":"EL NUEVO DIARIO, SANTO DOMINGO.\u2013 Un adolescente de aproximadamente 14 a\u00f1os falleci\u00f3&hellip;\n","protected":false},"author":1,"featured_media":66940,"comment_status":"open","ping_status":"open","sticky":false,"template":"","format":"standard","meta":{"footnotes":""},"categories":[1],"tags":[],"class_list":["post-66939","post","type-post","status-publish","format-standard","has-post-thumbnail","category-nacionales"],"_links":{"self":[{"href":"https:\/\/acronoticias.com\/index.php\/wp-json\/wp\/v2\/posts\/66939","targetHints":{"allow":["GET"]}}],"collection":[{"href":"https:\/\/acronoticias.com\/index.php\/wp-json\/wp\/v2\/posts"}],"about":[{"href":"https:\/\/acronoticias.com\/index.php\/wp-json\/wp\/v2\/types\/post"}],"author":[{"embeddable":true,"href":"https:\/\/acronoticias.com\/index.php\/wp-json\/wp\/v2\/users\/1"}],"replies":[{"embeddable":true,"href":"https:\/\/acronoticias.com\/index.php\/wp-json\/wp\/v2\/comments?post=66939"}],"version-history":[{"count":0,"href":"https:\/\/acronoticias.com\/index.php\/wp-json\/wp\/v2\/posts\/66939\/revisions"}],"wp:featuredmedia":[{"embeddable":true,"href":"https:\/\/acronoticias.com\/index.php\/wp-json\/wp\/v2\/media\/66940"}],"wp:attachment":[{"href":"https:\/\/acronoticias.com\/index.php\/wp-json\/wp\/v2\/media?parent=66939"}],"wp:term":[{"taxonomy":"category","embeddable":true,"href":"https:\/\/acronoticias.com\/index.php\/wp-json\/wp\/v2\/categories?post=66939"},{"taxonomy":"post_tag","embeddable":true,"href":"https:\/\/acronoticias.com\/index.php\/wp-json\/wp\/v2\/tags?post=66939"}],"curies":[{"name":"wp","href":"https:\/\/api.w.org\/{rel}","templated":true}]}}