{"id":66931,"date":"2026-09-02T21:24:37","date_gmt":"2026-09-02T21:24:37","guid":{"rendered":"https:\/\/acronoticias.com\/index.php\/2026\/09\/02\/corte-de-apelacion-de-santiago-ratifica-prision-preventiva-contra-esposa-de-hector-lora-en-caso-onco14\/"},"modified":"2026-09-02T21:24:37","modified_gmt":"2026-09-02T21:24:37","slug":"corte-de-apelacion-de-santiago-ratifica-prision-preventiva-contra-esposa-de-hector-lora-en-caso-onco14","status":"publish","type":"post","link":"https:\/\/acronoticias.com\/index.php\/2026\/09\/02\/corte-de-apelacion-de-santiago-ratifica-prision-preventiva-contra-esposa-de-hector-lora-en-caso-onco14\/","title":{"rendered":"Corte de Apelaci\u00f3n de Santiago ratifica prisi\u00f3n preventiva contra esposa de H\u00e9ctor Lora en caso Onco14"},"content":{"rendered":"<p><img decoding=\"async\" width=\"355\" height=\"200\" src=\"https:\/\/nuevodiario-assets.s3.us-east-2.amazonaws.com\/wp-content\/uploads\/2026\/09\/WhatsApp-Image-2026-09-02-at-4.24.56-PM-355x200.jpeg\" class=\"webfeedsFeaturedVisual wp-post-image\" alt=\"\" style=\"display: block;margin-bottom: 5px;clear:both;max-width: 100%\" loading=\"lazy\" \/><\/p>\n<p class=\"PDq2pG_selectionAnchorContainer\" data-start=\"108\" data-end=\"337\"><strong>EL NUEVO DIARIO,SANTIAGO.-<\/strong>La Corte de Apelaci\u00f3n de Santiago ratific\u00f3 los <strong data-start=\"155\" data-end=\"189\">18 meses de prisi\u00f3n preventiva<\/strong> impuestos a <strong data-start=\"202\" data-end=\"226\">Luisa Yasiris Guzm\u00e1n<\/strong>, esposa del empresario H\u00e9ctor Lora Cruceta, quien figura entre las imputadas en el caso denominado <strong data-start=\"326\" data-end=\"336\">Onco14<\/strong>.<\/p>\n<p data-start=\"339\" data-end=\"529\">El proceso est\u00e1 relacionado con una presunta estructura de corrupci\u00f3n que habr\u00eda operado en el <strong data-start=\"434\" data-end=\"472\">Patronato Cibae\u00f1o Contra el C\u00e1ncer<\/strong> y el <strong data-start=\"478\" data-end=\"528\">Instituto Oncol\u00f3gico Regional del Cibao (IORC)<\/strong>.<\/p>\n<p data-start=\"339\" data-end=\"529\">Los abogados de las partes afectadas no comparten la decisi\u00f3n emitida por el juez, sin embargo la aceptan, ya que su representada no recib\u00eda fondos del oncol\u00f3gico y no pertenec\u00eda a la instituci\u00f3n.<\/p>\n<p data-start=\"531\" data-end=\"804\" data-is-last-node=\"\" data-is-only-node=\"\">Con la decisi\u00f3n, Guzm\u00e1n deber\u00e1 permanecer bajo prisi\u00f3n preventiva mientras avanza el proceso judicial. El caso involucra a varias personas se\u00f1aladas por el Ministerio P\u00fablico en una investigaci\u00f3n sobre presuntas irregularidades y actos de corrupci\u00f3n en ambas instituciones.<\/p>\n<div style=\"width: 640px\" class=\"wp-video\"><video class=\"wp-video-shortcode\" id=\"video-3262601-1\" width=\"640\" height=\"361\" preload=\"metadata\" controls=\"controls\"><a href=\"https:\/\/nuevodiario-assets.s3.us-east-2.amazonaws.com\/wp-content\/uploads\/2026\/09\/WhatsApp-Video-2026-09-02-at-4.18.53-PM-2.mp4\">https:\/\/nuevodiario-assets.s3.us-east-2.amazonaws.com\/wp-content\/uploads\/2026\/09\/WhatsApp-Video-2026-09-02-at-4.18.53-PM-2.mp4<\/a><\/video><\/div>\n<div style=\"width: 640px\" class=\"wp-video\"><video class=\"wp-video-shortcode\" id=\"video-3262601-2\" width=\"640\" height=\"361\" preload=\"metadata\" controls=\"controls\"><a href=\"https:\/\/nuevodiario-assets.s3.us-east-2.amazonaws.com\/wp-content\/uploads\/2026\/09\/WhatsApp-Video-2026-09-02-at-4.18.53-PM-3.mp4\">https:\/\/nuevodiario-assets.s3.us-east-2.amazonaws.com\/wp-content\/uploads\/2026\/09\/WhatsApp-Video-2026-09-02-at-4.18.53-PM-3.mp4<\/a><\/video><\/div>\n<p>La entrada <a href=\"https:\/\/elnuevodiario.com.do\/corte-de-apelacion-de-santiago-ratifica-prision-preventiva-contra-esposa-de-hector-lora-en-caso-onco14\/\">Corte de Apelaci\u00f3n de Santiago ratifica prisi\u00f3n preventiva contra esposa de H\u00e9ctor Lora en caso Onco14<\/a> se public\u00f3 primero en <a href=\"https:\/\/elnuevodiario.com.do\">El Nuevo Diario (Rep\u00fablica Dominicana)<\/a>.<\/p>\n","protected":false},"excerpt":{"rendered":"EL NUEVO DIARIO,SANTIAGO.-La Corte de Apelaci\u00f3n de Santiago ratific\u00f3 los 18 meses&hellip;\n","protected":false},"author":1,"featured_media":66932,"comment_status":"open","ping_status":"open","sticky":false,"template":"","format":"standard","meta":{"footnotes":""},"categories":[1],"tags":[],"class_list":["post-66931","post","type-post","status-publish","format-standard","has-post-thumbnail","category-nacionales"],"_links":{"self":[{"href":"https:\/\/acronoticias.com\/index.php\/wp-json\/wp\/v2\/posts\/66931","targetHints":{"allow":["GET"]}}],"collection":[{"href":"https:\/\/acronoticias.com\/index.php\/wp-json\/wp\/v2\/posts"}],"about":[{"href":"https:\/\/acronoticias.com\/index.php\/wp-json\/wp\/v2\/types\/post"}],"author":[{"embeddable":true,"href":"https:\/\/acronoticias.com\/index.php\/wp-json\/wp\/v2\/users\/1"}],"replies":[{"embeddable":true,"href":"https:\/\/acronoticias.com\/index.php\/wp-json\/wp\/v2\/comments?post=66931"}],"version-history":[{"count":0,"href":"https:\/\/acronoticias.com\/index.php\/wp-json\/wp\/v2\/posts\/66931\/revisions"}],"wp:featuredmedia":[{"embeddable":true,"href":"https:\/\/acronoticias.com\/index.php\/wp-json\/wp\/v2\/media\/66932"}],"wp:attachment":[{"href":"https:\/\/acronoticias.com\/index.php\/wp-json\/wp\/v2\/media?parent=66931"}],"wp:term":[{"taxonomy":"category","embeddable":true,"href":"https:\/\/acronoticias.com\/index.php\/wp-json\/wp\/v2\/categories?post=66931"},{"taxonomy":"post_tag","embeddable":true,"href":"https:\/\/acronoticias.com\/index.php\/wp-json\/wp\/v2\/tags?post=66931"}],"curies":[{"name":"wp","href":"https:\/\/api.w.org\/{rel}","templated":true}]}}