{"id":66929,"date":"2026-09-02T21:08:54","date_gmt":"2026-09-02T21:08:54","guid":{"rendered":"https:\/\/acronoticias.com\/index.php\/2026\/09\/02\/diputados-exigen-investigar-por-que-fundacion-restaurando-vidas-volvio-a-operar-pese-a-intervencion-en-2025\/"},"modified":"2026-09-02T21:08:54","modified_gmt":"2026-09-02T21:08:54","slug":"diputados-exigen-investigar-por-que-fundacion-restaurando-vidas-volvio-a-operar-pese-a-intervencion-en-2025","status":"publish","type":"post","link":"https:\/\/acronoticias.com\/index.php\/2026\/09\/02\/diputados-exigen-investigar-por-que-fundacion-restaurando-vidas-volvio-a-operar-pese-a-intervencion-en-2025\/","title":{"rendered":"Diputados exigen investigar por qu\u00e9 Fundaci\u00f3n Restaurando Vidas volvi\u00f3 a operar pese a intervenci\u00f3n en 2025"},"content":{"rendered":"<p><img decoding=\"async\" width=\"355\" height=\"200\" src=\"https:\/\/nuevodiario-assets.s3.us-east-2.amazonaws.com\/wp-content\/uploads\/2026\/09\/Diputados-exigen-investigar-por-que-Fundacion-Restaurando-Vidas-volvio-a-operar-Foto-Lidia-Pinales-END-355x200.jpeg\" class=\"webfeedsFeaturedVisual wp-post-image\" alt=\"\" style=\"display: block;margin-bottom: 5px;clear:both;max-width: 100%\" loading=\"lazy\" \/><\/p>\n<p><span style=\"font-weight: 400\">EL NUEVO DIARIO, SANTO DOMINGO.- La presidenta de la Comisi\u00f3n Permanente de Ni\u00f1ez y Familia de la C\u00e1mara de Diputados, Soraya Su\u00e1rez, junto a otros legisladores exigieron este mi\u00e9rcoles una investigaci\u00f3n exhaustiva sobre las circunstancias que permitieron que la Fundaci\u00f3n Restaurando Vidas, en San Crist\u00f3bal, continuara o volviera a operar pese a que hab\u00eda sido intervenida por las autoridades en 2025 por presuntas irregularidades.<\/span><\/p>\n<p><span style=\"font-weight: 400\">Su\u00e1rez manifest\u00f3 su preocupaci\u00f3n ante el caso de los ni\u00f1os encontrados recientemente en ese establecimiento y advirti\u00f3 que no basta con intervenir una instituci\u00f3n o detectar irregularidades, sino que las autoridades deben garantizar el seguimiento y el cumplimiento de las medidas adoptadas.<\/span><\/p>\n<p><span style=\"font-weight: 400\">\u201cNo basta con intervenir, hay que garantizar que las medidas se cumplan\u201d, afirm\u00f3 la legisladora al pronunciarse junto a miembros de las comisiones de Salud, G\u00e9nero, Familia y otros diputados de diferentes partidos.<\/span><\/p>\n<p><span style=\"font-weight: 400\">La diputada se\u00f1al\u00f3 que, de acuerdo con las informaciones conocidas, el establecimiento no contaba con la habilitaci\u00f3n requerida para ofrecer servicios de cuidado o atenci\u00f3n residencial a menores de edad, situaci\u00f3n que se\u00f1al\u00f3 adquiere una dimensi\u00f3n a\u00fan mayor al conocerse que ya hab\u00eda sido objeto de una intervenci\u00f3n el a\u00f1o pasado.<\/span><\/p>\n<p><span style=\"font-weight: 400\">En ese sentido, Su\u00e1rez cuestion\u00f3 qu\u00e9 ocurri\u00f3 despu\u00e9s de aquella primera intervenci\u00f3n y c\u00f3mo fue posible que un establecimiento sin la habilitaci\u00f3n correspondiente volviera a tener menores bajo su cuidado.<\/span><\/p>\n<p><span style=\"font-weight: 400\">\u201cComo Comisi\u00f3n de la Ni\u00f1ez y la Familia de la C\u00e1mara de Diputados, consideramos que no solamente debemos investigar los maltratos denunciados, tambi\u00e9n debemos determinar qu\u00e9 ocurri\u00f3 despu\u00e9s de aquella primera intervenci\u00f3n y c\u00f3mo un establecimiento que carec\u00eda de habilitaci\u00f3n pudo continuar o volver a operar teniendo menores de edad bajo su cuidado\u201d, sostuvo.<\/span><\/p>\n<p><span style=\"font-weight: 400\">La legisladora reclam\u00f3 al Ministerio P\u00fablico ofrecer informaci\u00f3n sobre el seguimiento dado al caso despu\u00e9s de la intervenci\u00f3n realizada en septiembre de 2025 y plante\u00f3 varias interrogantes sobre las actuaciones de las autoridades.<\/span><\/p>\n<p><span style=\"font-weight: 400\">Entre ellas, pregunt\u00f3 cu\u00e1les medidas fueron adoptadas por el Ministerio P\u00fablico, qu\u00e9 otras instituciones fueron notificadas sobre las irregularidades detectadas y por qu\u00e9, pese a esos antecedentes, nuevamente fueron encontrados menores en el mismo establecimiento.<\/span><\/p>\n<p><span style=\"font-weight: 400\">La diputada por Santiago aclar\u00f3 que estas preguntas no tienen como prop\u00f3sito perjudicar a ninguna instituci\u00f3n ni establecer responsabilidades de manera anticipada, sino determinar si los mecanismos estatales de protecci\u00f3n de la ni\u00f1ez funcionaron correctamente.<\/span><\/p>\n<p><span style=\"font-weight: 400\">\u201cLas planteamos porque el Estado tiene la obligaci\u00f3n de revisar sus propios mecanismos cuando los sistemas de protecci\u00f3n presentan se\u00f1ales de que algo pudo haber fallado\u201d, enfatiz\u00f3.<\/span><\/p>\n<p><b>Pide investigaci\u00f3n y atenci\u00f3n integral para los menores<\/b><\/p>\n<p><span style=\"font-weight: 400\">La presidenta de la Comisi\u00f3n de Ni\u00f1ez y Familia tambi\u00e9n consider\u00f3 necesario que el Ministerio P\u00fablico realice una investigaci\u00f3n exhaustiva, respetando el debido proceso, para establecer las responsabilidades individuales que correspondan.<\/span><\/p>\n<p><span style=\"font-weight: 400\">Su\u00e1rez manifest\u00f3 que si las evidencias determinan que hubo personas que maltrataron, permitieron o participaron en vulneraciones contra los menores, estas deben responder conforme a las leyes dominicanas.<\/span><\/p>\n<p><span style=\"font-weight: 400\">Sin embargo, Su\u00e1rez sostuvo que la responsabilidad del Estado no debe limitarse a determinar culpables, sino que tambi\u00e9n debe establecerse el nivel de afectaci\u00f3n que sufrieron los ni\u00f1os y garantizar las acciones necesarias para su recuperaci\u00f3n.<\/span><\/p>\n<p><span style=\"font-weight: 400\">Valor\u00f3 que los menores est\u00e9n siendo sometidos a evaluaciones m\u00e9dicas y psicol\u00f3gicas, pero pidi\u00f3 que estas permitan determinar de manera integral los posibles da\u00f1os f\u00edsicos, psicol\u00f3gicos y emocionales.<\/span><\/p>\n<p><span style=\"font-weight: 400\">Asimismo, plante\u00f3 que cada menor cuente con un plan individualizado de tratamiento, protecci\u00f3n, acompa\u00f1amiento y seguimiento durante el tiempo que sea necesario.<\/span><\/p>\n<p><span style=\"font-weight: 400\">\u201cNo podemos rescatarlos hoy y olvidarlos ma\u00f1ana\u201d, advirti\u00f3 la santiaguera.<\/span><\/p>\n<p><b>Piden revisar sistema de habilitaci\u00f3n y supervisi\u00f3n<\/b><\/p>\n<p><span style=\"font-weight: 400\">La legisladora consider\u00f3 que este caso debe servir para revisar el sistema de habilitaci\u00f3n, supervisi\u00f3n y seguimiento de todas las instituciones que albergan o prestan servicios a ni\u00f1os, ni\u00f1as y adolescentes en Rep\u00fablica Dominicana.<\/span><\/p>\n<p><span style=\"font-weight: 400\">En ese contexto, resalt\u00f3 la necesidad de determinar cu\u00e1les centros est\u00e1n debidamente habilitados, cu\u00e1les operan fuera de la normativa, cu\u00e1ndo fueron inspeccionados por \u00faltima vez y qu\u00e9 mecanismos existen para garantizar que una instituci\u00f3n intervenida o impedida de prestar determinados servicios no contin\u00fae funcionando.<\/span><\/p>\n<p><span style=\"font-weight: 400\">\u201cNo basta con detectar, no basta con intervenir, no basta con advertir. Hay que dar seguimiento, hay que hacer cumplir las decisiones. Cuando se vulneren los derechos de nuestros ni\u00f1os, hay que establecer responsabilidades\u201d, afirm\u00f3.<\/span><\/p>\n<p><span style=\"font-weight: 400\">Su\u00e1rez asegur\u00f3 que las comisiones legislativas permanecer\u00e1n atentas al desarrollo de las investigaciones y solicitar\u00e1n las informaciones correspondientes dentro de sus atribuciones, al tiempo que acompa\u00f1ar\u00e1n las acciones dirigidas a fortalecer el sistema de protecci\u00f3n de la ni\u00f1ez.<\/span><\/p>\n<p><span style=\"font-weight: 400\">Asimismo, sostuvo que el Estado debe actuar no solo cuando ocurre una tragedia, sino tambi\u00e9n mediante pol\u00edticas efectivas de prevenci\u00f3n, supervisi\u00f3n y seguimiento.<\/span><\/p>\n<p>MMB\/<\/p>\n<p>La entrada <a href=\"https:\/\/elnuevodiario.com.do\/diputados-exigen-investigar-por-que-fundacion-restaurando-vidas-volvio-a-operar-pese-a-intervencion-en-2025\/\">Diputados exigen investigar por qu\u00e9 Fundaci\u00f3n Restaurando Vidas volvi\u00f3 a operar pese a intervenci\u00f3n en 2025<\/a> se public\u00f3 primero en <a href=\"https:\/\/elnuevodiario.com.do\">El Nuevo Diario (Rep\u00fablica Dominicana)<\/a>.<\/p>\n","protected":false},"excerpt":{"rendered":"EL NUEVO DIARIO, SANTO DOMINGO.- La presidenta de la Comisi\u00f3n Permanente de&hellip;\n","protected":false},"author":1,"featured_media":66930,"comment_status":"open","ping_status":"open","sticky":false,"template":"","format":"standard","meta":{"footnotes":""},"categories":[1],"tags":[],"class_list":["post-66929","post","type-post","status-publish","format-standard","has-post-thumbnail","category-nacionales"],"_links":{"self":[{"href":"https:\/\/acronoticias.com\/index.php\/wp-json\/wp\/v2\/posts\/66929","targetHints":{"allow":["GET"]}}],"collection":[{"href":"https:\/\/acronoticias.com\/index.php\/wp-json\/wp\/v2\/posts"}],"about":[{"href":"https:\/\/acronoticias.com\/index.php\/wp-json\/wp\/v2\/types\/post"}],"author":[{"embeddable":true,"href":"https:\/\/acronoticias.com\/index.php\/wp-json\/wp\/v2\/users\/1"}],"replies":[{"embeddable":true,"href":"https:\/\/acronoticias.com\/index.php\/wp-json\/wp\/v2\/comments?post=66929"}],"version-history":[{"count":0,"href":"https:\/\/acronoticias.com\/index.php\/wp-json\/wp\/v2\/posts\/66929\/revisions"}],"wp:featuredmedia":[{"embeddable":true,"href":"https:\/\/acronoticias.com\/index.php\/wp-json\/wp\/v2\/media\/66930"}],"wp:attachment":[{"href":"https:\/\/acronoticias.com\/index.php\/wp-json\/wp\/v2\/media?parent=66929"}],"wp:term":[{"taxonomy":"category","embeddable":true,"href":"https:\/\/acronoticias.com\/index.php\/wp-json\/wp\/v2\/categories?post=66929"},{"taxonomy":"post_tag","embeddable":true,"href":"https:\/\/acronoticias.com\/index.php\/wp-json\/wp\/v2\/tags?post=66929"}],"curies":[{"name":"wp","href":"https:\/\/api.w.org\/{rel}","templated":true}]}}