{"id":66927,"date":"2026-09-02T20:52:31","date_gmt":"2026-09-02T20:52:31","guid":{"rendered":"https:\/\/acronoticias.com\/index.php\/2026\/09\/02\/presidente-advierte-carcel-de-hasta-30-anos-para-quienes-afecten-parques-nacionales-lo-llama-terrorismo-ambiental\/"},"modified":"2026-09-02T20:52:31","modified_gmt":"2026-09-02T20:52:31","slug":"presidente-advierte-carcel-de-hasta-30-anos-para-quienes-afecten-parques-nacionales-lo-llama-terrorismo-ambiental","status":"publish","type":"post","link":"https:\/\/acronoticias.com\/index.php\/2026\/09\/02\/presidente-advierte-carcel-de-hasta-30-anos-para-quienes-afecten-parques-nacionales-lo-llama-terrorismo-ambiental\/","title":{"rendered":"Presidente advierte c\u00e1rcel de hasta 30 a\u00f1os para quienes afecten parques nacionales; lo llama \u201cterrorismo ambiental\u201d"},"content":{"rendered":"<p><img loading=\"lazy\" decoding=\"async\" width=\"355\" height=\"200\" src=\"https:\/\/nuevodiario-assets.s3.us-east-2.amazonaws.com\/wp-content\/uploads\/2026\/07\/Luis-Abinader-355x200.webp\" class=\"webfeedsFeaturedVisual wp-post-image\" alt=\"\" style=\"display: block;margin-bottom: 5px;clear:both;max-width: 100%\" \/><\/p>\n<p>EL NUEVO DIARIO, SANTO DOMINGO.- El presidente Luis Abinader advirti\u00f3 este mi\u00e9rcoles que el Gobierno actuar\u00e1 de \u201cmanera dr\u00e1stica\u201d contra las personas que provoquen da\u00f1os o incendios en los parques nacionales y anunci\u00f3 que esas acciones ser\u00e1n catalogadas como <strong>\u201cterrorismo ambiental\u201d<\/strong>.<\/p>\n<p>Abinader explic\u00f3 que la decisi\u00f3n busca fortalecer la protecci\u00f3n de los ecosistemas dominicanos, ante los incendios que, seg\u00fan afirm\u00f3, se han producido por actividades ilegales tanto de dominicanos como de extranjeros.<\/p>\n<p>\u201cDespu\u00e9s de analizar, de pensar, para darle la verdadera importancia, hemos decidido actuar de manera dr\u00e1stica, catalogando como terrorismo ambiental todo aquel que afecte un parque nacional\u201d, declar\u00f3 el mandatario.<\/p>\n<p>El jefe de Estado advirti\u00f3 que quienes incurran en estas acciones podr\u00edan enfrentar penas de entre <strong>20 y 30 a\u00f1os de prisi\u00f3n<\/strong>, conforme al nuevo C\u00f3digo Penal.<\/p>\n<p>Abinader se\u00f1al\u00f3 que actualmente uno de los problemas que enfrentan las autoridades es que algunas personas sometidas por afectar parques nacionales recuperan su libertad pocos d\u00edas despu\u00e9s debido a la falta de una base legal que permita sostener las acusaciones.<\/p>\n<p><strong>Instrucciones a las autoridades<\/strong><\/p>\n<p>El presidente inform\u00f3 que imparti\u00f3 instrucciones a las <strong>Fuerzas Armadas y a la Direcci\u00f3n General de Migraci\u00f3n (DGM)<\/strong> para reforzar las acciones contra quienes afecten los parques nacionales.<\/p>\n<p>Indic\u00f3 que, aunque en algunos casos han sido identificados ciudadanos haitianos, estos, seg\u00fan dijo, tambi\u00e9n son enviados en determinadas ocasiones por dominicanos.<\/p>\n<p>\u201cAmbos van a sufrir la misma pena en caso de que afecten de ahora en adelante los parques nacionales\u201d, afirm\u00f3.<\/p>\n<p>El mandatario sostuvo que el Gobierno est\u00e1 preparado para aplicar las medidas independientemente de la nacionalidad de las personas involucradas.<\/p>\n<p>\u201cEstamos preparados para ejecutarlo, sea quien sea\u201d, enfatiz\u00f3.<\/p>\n<p><strong>Incendios y da\u00f1o ambiental<\/strong><\/p>\n<p>Abinader hizo referencia al incendio registrado recientemente en el <strong>Parque Nacional Sierra de Bahoruco<\/strong>, al se\u00f1alar que los fuegos en estas \u00e1reas protegidas no solo destruyen \u00e1rboles y afectan los ecosistemas, sino que tambi\u00e9n tienen consecuencias sobre el agua, las comunidades y la vida de los dominicanos.<\/p>\n<p>\u201cCuando hay un fuego, como el reci\u00e9n en el parque de Bahoruco, afecta no solamente los \u00e1rboles, el sector, la regi\u00f3n, el agua, sino afecta la vida misma de los dominicanos y dominicanas\u201d, manifest\u00f3.<\/p>\n<p>Agreg\u00f3 que la situaci\u00f3n adquiere mayor gravedad debido a las condiciones de sequ\u00eda y los efectos del cambio clim\u00e1tico.<\/p>\n<p><strong>Titulaci\u00f3n de parques nacionales<\/strong><\/p>\n<p>El presidente tambi\u00e9n inform\u00f3 que el Gobierno inici\u00f3 un programa para <strong>titular los parques nacionales a nombre del Estado dominicano<\/strong>.<\/p>\n<p>Explic\u00f3 que durante el proceso las autoridades determinaron que muchos de estos espacios, \u201ccasi todos\u201d, no contaban siquiera con t\u00edtulos registrados a nombre del Estado.<\/p>\n<p>\u201cPor eso, hace unas semanas hicimos una rueda de prensa para titular todos los parques nacionales\u201d, indic\u00f3.<\/p>\n<p>Abinader se\u00f1al\u00f3 que el programa comenz\u00f3 con la entrega de dos t\u00edtulos y que el objetivo es completar la titulaci\u00f3n de todos los parques nacionales.<\/p>\n<p><strong>Decreto y coordinaci\u00f3n interinstitucional<\/strong><\/p>\n<p>El mandatario dijo que las medidas anunciadas fueron preparadas durante m\u00e1s de un mes con la participaci\u00f3n del <strong>Ministerio de Medio Ambiente, el Ministerio de Defensa y la Consultor\u00eda Jur\u00eddica<\/strong>, con el prop\u00f3sito de garantizar que el decreto cuente con sustento legal.<\/p>\n<p>Asimismo, indic\u00f3 que las Fuerzas Armadas trabajar\u00e1n junto al Cuerpo de Seguridad Fronteriza (Cesfront), la Polic\u00eda Nacional y la Direcci\u00f3n General de Migraci\u00f3n para impedir que personas que ingresen al pa\u00eds para realizar actividades ilegales en \u00e1reas protegidas sean detenidas y posteriormente regresen a Hait\u00ed para volver a ingresar.<\/p>\n<p>Abinader sostuvo que el objetivo principal de las medidas es que sirvan como elemento de disuasi\u00f3n, pero reiter\u00f3 que el Gobierno est\u00e1 preparado para aplicar las sanciones establecidas.<\/p>\n<p>\u201cEste es el mensaje que lanzamos, fuerte, pero necesario, desde el Palacio Nacional en el d\u00eda de hoy\u201d, concluy\u00f3.<\/p>\n<p>La entrada <a href=\"https:\/\/elnuevodiario.com.do\/presidente-advierte-carcel-de-hasta-30-anos-para-quienes-afecten-parques-nacionales-lo-llama-terrorismo-ambiental\/\">Presidente advierte c\u00e1rcel de hasta 30 a\u00f1os para quienes afecten parques nacionales; lo llama \u201cterrorismo ambiental\u201d<\/a> se public\u00f3 primero en <a href=\"https:\/\/elnuevodiario.com.do\">El Nuevo Diario (Rep\u00fablica Dominicana)<\/a>.<\/p>\n","protected":false},"excerpt":{"rendered":"EL NUEVO DIARIO, SANTO DOMINGO.- El presidente Luis Abinader advirti\u00f3 este mi\u00e9rcoles&hellip;\n","protected":false},"author":1,"featured_media":66928,"comment_status":"open","ping_status":"open","sticky":false,"template":"","format":"standard","meta":{"footnotes":""},"categories":[1],"tags":[],"class_list":["post-66927","post","type-post","status-publish","format-standard","has-post-thumbnail","category-nacionales"],"_links":{"self":[{"href":"https:\/\/acronoticias.com\/index.php\/wp-json\/wp\/v2\/posts\/66927","targetHints":{"allow":["GET"]}}],"collection":[{"href":"https:\/\/acronoticias.com\/index.php\/wp-json\/wp\/v2\/posts"}],"about":[{"href":"https:\/\/acronoticias.com\/index.php\/wp-json\/wp\/v2\/types\/post"}],"author":[{"embeddable":true,"href":"https:\/\/acronoticias.com\/index.php\/wp-json\/wp\/v2\/users\/1"}],"replies":[{"embeddable":true,"href":"https:\/\/acronoticias.com\/index.php\/wp-json\/wp\/v2\/comments?post=66927"}],"version-history":[{"count":0,"href":"https:\/\/acronoticias.com\/index.php\/wp-json\/wp\/v2\/posts\/66927\/revisions"}],"wp:featuredmedia":[{"embeddable":true,"href":"https:\/\/acronoticias.com\/index.php\/wp-json\/wp\/v2\/media\/66928"}],"wp:attachment":[{"href":"https:\/\/acronoticias.com\/index.php\/wp-json\/wp\/v2\/media?parent=66927"}],"wp:term":[{"taxonomy":"category","embeddable":true,"href":"https:\/\/acronoticias.com\/index.php\/wp-json\/wp\/v2\/categories?post=66927"},{"taxonomy":"post_tag","embeddable":true,"href":"https:\/\/acronoticias.com\/index.php\/wp-json\/wp\/v2\/tags?post=66927"}],"curies":[{"name":"wp","href":"https:\/\/api.w.org\/{rel}","templated":true}]}}