{"id":66923,"date":"2026-09-02T20:49:36","date_gmt":"2026-09-02T20:49:36","guid":{"rendered":"https:\/\/acronoticias.com\/index.php\/2026\/09\/02\/luis-abinader-sobre-la-fundacion-restaurando-vida-de-haina-eso-esta-en-manos-del-ministerio-publico\/"},"modified":"2026-09-02T20:49:36","modified_gmt":"2026-09-02T20:49:36","slug":"luis-abinader-sobre-la-fundacion-restaurando-vida-de-haina-eso-esta-en-manos-del-ministerio-publico","status":"publish","type":"post","link":"https:\/\/acronoticias.com\/index.php\/2026\/09\/02\/luis-abinader-sobre-la-fundacion-restaurando-vida-de-haina-eso-esta-en-manos-del-ministerio-publico\/","title":{"rendered":"Luis Abinader, sobre la Fundaci\u00f3n Restaurando Vida de Haina: &#8220;Eso est\u00e1 en manos del Ministerio P\u00fablico&#8221;"},"content":{"rendered":"<div>\n<div class=\"c-detail__author full\">\n<div>\n<div class=\"c-detail__author__thumb\">\n<figure>\n                                <picture src=\"https:\/\/imagenes.hoy.com.do\/files\/image_square_xs\/uploads\/2025\/11\/10\/6911b3b5d935b.png\" data-size=\"w:40,h:40\">\n                                    <img decoding=\"async\" loading=\"lazy\" alt=\"Hoy .\" width=\"40\" height=\"40\" src=\"https:\/\/imagenes.hoy.com.do\/files\/image_square_xs\/uploads\/2025\/11\/10\/6911b3b5d935b.png\"\/>\n                                <\/picture>\n                                <\/figure>\n<\/div>\n<\/div>\n<\/div>\n<p>                                                                                            <!-- --><\/p>\n<p class=\"paragraph\">El presidente <b>Luis Abinader<\/b> se limit\u00f3 a decir este mi\u00e9rcoles que el caso de la <b>Fundaci\u00f3n Restaurando Vida \u201cUn Muerto que Revive\u201d,<\/b> ubicada en <b>Haina<\/b>, provincia San Crist\u00f3bal, donde supuestamente un pastor abusaba de ni\u00f1os, \u201cest\u00e1 en manos del Ministerio P\u00fablico\u201d.\u00a0<\/p>\n<p class=\"paragraph\">El mandatario, que habl\u00f3 durante una rueda de prensa en el Palacio Nacional para anunciar la declatoria de alto inter\u00e9s nacional el combate al terrorismo medioambiental, record\u00f3 que es el \u00f3rgano acusador quien dar\u00e1 m\u00e1s detalles al respecto.<\/p>\n<\/p><\/div>\n","protected":false},"excerpt":{"rendered":"El presidente Luis Abinader se limit\u00f3 a decir este mi\u00e9rcoles que el&hellip;\n","protected":false},"author":1,"featured_media":66924,"comment_status":"open","ping_status":"open","sticky":false,"template":"","format":"standard","meta":{"footnotes":""},"categories":[3],"tags":[],"class_list":["post-66923","post","type-post","status-publish","format-standard","has-post-thumbnail","category-internacionales"],"_links":{"self":[{"href":"https:\/\/acronoticias.com\/index.php\/wp-json\/wp\/v2\/posts\/66923","targetHints":{"allow":["GET"]}}],"collection":[{"href":"https:\/\/acronoticias.com\/index.php\/wp-json\/wp\/v2\/posts"}],"about":[{"href":"https:\/\/acronoticias.com\/index.php\/wp-json\/wp\/v2\/types\/post"}],"author":[{"embeddable":true,"href":"https:\/\/acronoticias.com\/index.php\/wp-json\/wp\/v2\/users\/1"}],"replies":[{"embeddable":true,"href":"https:\/\/acronoticias.com\/index.php\/wp-json\/wp\/v2\/comments?post=66923"}],"version-history":[{"count":0,"href":"https:\/\/acronoticias.com\/index.php\/wp-json\/wp\/v2\/posts\/66923\/revisions"}],"wp:featuredmedia":[{"embeddable":true,"href":"https:\/\/acronoticias.com\/index.php\/wp-json\/wp\/v2\/media\/66924"}],"wp:attachment":[{"href":"https:\/\/acronoticias.com\/index.php\/wp-json\/wp\/v2\/media?parent=66923"}],"wp:term":[{"taxonomy":"category","embeddable":true,"href":"https:\/\/acronoticias.com\/index.php\/wp-json\/wp\/v2\/categories?post=66923"},{"taxonomy":"post_tag","embeddable":true,"href":"https:\/\/acronoticias.com\/index.php\/wp-json\/wp\/v2\/tags?post=66923"}],"curies":[{"name":"wp","href":"https:\/\/api.w.org\/{rel}","templated":true}]}}