{"id":66919,"date":"2026-09-02T20:17:25","date_gmt":"2026-09-02T20:17:25","guid":{"rendered":"https:\/\/acronoticias.com\/index.php\/2026\/09\/02\/graduan-profesionales-formados-en-diplomado-sobre-seguridad-social-y-aseguramiento-en-salud\/"},"modified":"2026-09-02T20:17:25","modified_gmt":"2026-09-02T20:17:25","slug":"graduan-profesionales-formados-en-diplomado-sobre-seguridad-social-y-aseguramiento-en-salud","status":"publish","type":"post","link":"https:\/\/acronoticias.com\/index.php\/2026\/09\/02\/graduan-profesionales-formados-en-diplomado-sobre-seguridad-social-y-aseguramiento-en-salud\/","title":{"rendered":"Grad\u00faan profesionales formados en diplomado sobre Seguridad Social y aseguramiento en salud"},"content":{"rendered":"<p><img loading=\"lazy\" decoding=\"async\" width=\"355\" height=\"200\" src=\"https:\/\/nuevodiario-assets.s3.us-east-2.amazonaws.com\/wp-content\/uploads\/2026\/09\/Graduacion-Intec-y-DIDA-355x200.jpeg\" class=\"webfeedsFeaturedVisual wp-post-image\" alt=\"\" style=\"display: block;margin-bottom: 5px;clear:both;max-width: 100%\" \/><\/p>\n<p>EL NUEVO DIARIO, SANTO DOMINGO.- La Direcci\u00f3n General de Informaci\u00f3n y Defensa de los Afiliados a la Seguridad Social (DIDA), en alianza con el Instituto Tecnol\u00f3gico de Santo Domingo (Intec), celebr\u00f3 la graduaci\u00f3n de 40 profesionales del \u00e1rea de la salud, sector empleador y de diversos actores vinculados al Sistema Dominicano de Seguridad Social (SDSS), quienes culminaron un programa de formaci\u00f3n especializada en Seguridad Social y aseguramiento en salud.<\/p>\n<p>Durante 100 horas de formaci\u00f3n, los participantes fortalecieron sus conocimientos sobre el funcionamiento del sistema, con \u00e9nfasis en financiamiento, gesti\u00f3n de riesgos, calidad de los servicios, mecanismos de pago, regulaci\u00f3n, Atenci\u00f3n Primaria y econom\u00eda de la salud.<\/p>\n<p>De acuerdo con un comunicado, el director general de la DIDA, El\u00edas B\u00e1ez, destac\u00f3 que el prop\u00f3sito de esta iniciativa es fortalecer las capacidades de profesionales que, desde sus diferentes \u00e1reas, puedan contribuir a que m\u00e1s ciudadanos conozcan y ejerzan sus derechos dentro del Sistema Dominicano de Seguridad Social.<\/p>\n<p>\u00abEl prop\u00f3sito de este diplomado busca fortalecer las capacidades de profesionales y tomadores de decisiones para comprender integralmente el Seguro Familiar de Salud y promover propuestas que contribuyan a mejorar y fortalecer la Seguridad Social en beneficio de los afiliados\u00bb, afirm\u00f3 B\u00e1ez.<\/p>\n<p>De su lado, el coordinador por Intec, Pedro Luis Castellanos, resalt\u00f3 el alto nivel de preparaci\u00f3n y experiencia de los participantes, lo que, a su juicio, enriqueci\u00f3 significativamente el desarrollo del programa.<\/p>\n<p>\u201cPoco a poco fuimos descubriendo que el desarrollo de este diplomado depend\u00eda tanto de los cursantes como de los profesores. El nivel de capacitaci\u00f3n y experiencia de los participantes era tan elevado que las discusiones y aportes alcanzaban una profundidad similar a la de un programa de maestr\u00eda\u201d, expres\u00f3 Castellanos.<\/p>\n<figure id=\"attachment_3262639\" aria-describedby=\"caption-attachment-3262639\" style=\"width: 2560px\" class=\"wp-caption alignnone\"><img loading=\"lazy\" decoding=\"async\" data-recalc-dims=\"1\" class=\"size-full wp-image-3262639\" src=\"https:\/\/i0.wp.com\/nuevodiario-assets.s3.us-east-2.amazonaws.com\/wp-content\/uploads\/2026\/09\/Graduacion-Intec-y-DIDA-Foto-Dir.-Com.-DIDA.jpeg?resize=640%2C427&quality=100&ssl=1\" alt=\"\" width=\"640\" height=\"427\" \/><figcaption id=\"caption-attachment-3262639\" class=\"wp-caption-text\">Graduaci\u00f3n Intec y DIDA (Foto: Dir. Com. DIDA)<\/figcaption><\/figure>\n<p>Mientras que Carlos Reyes G\u00f3mez, director de Educaci\u00f3n Permanente de Intec, agradeci\u00f3 a la DIDA por la confianza depositada en la instituci\u00f3n acad\u00e9mica y por impulsar conjuntamente iniciativas de formaci\u00f3n que contribuyen al fortalecimiento de las capacidades de los profesionales vinculados a la Seguridad Social.<\/p>\n<p>\u201cPara Intec es motivo de satisfacci\u00f3n haber desarrollado esta iniciativa junto a la DIDA. Agradecemos profundamente la colaboraci\u00f3n y la confianza que han depositado en nuestra instituci\u00f3n para llevar adelante estas capacitaciones. Esta alianza demuestra el inter\u00e9s com\u00fan de ambas instituciones en generar espacios de aprendizaje y actualizaci\u00f3n que permitan fortalecer las competencias de los profesionales y contribuir al desarrollo del Sistema Dominicano de Seguridad Social\u201d, manifest\u00f3 Reyes G\u00f3mez.<\/p>\n<p>En representaci\u00f3n de los graduandos, Solsire Hern\u00e1ndez destaco que la formaci\u00f3n le permiti\u00f3 entender que la Seguridad Social no constituye \u00fanicamente un tr\u00e1mite o un c\u00e1lculo, sino uno de los mecanismos mediante los cuales una sociedad decide c\u00f3mo proteger a las personas frente a los riesgos propios de la vida, como la enfermedad, la maternidad, los accidentes, la incapacidad para trabajar y la vejez.<\/p>\n<p>El\u00edas B\u00e1ez felicit\u00f3 a los graduandos por culminar este proceso de formaci\u00f3n y los exhort\u00f3 a poner sus conocimientos al servicio del fortalecimiento de la Seguridad Social y de una atenci\u00f3n cada vez m\u00e1s eficiente, equitativa y centrada en las personas.<\/p>\n<p>La entrada <a href=\"https:\/\/elnuevodiario.com.do\/graduan-profesionales-formados-en-diplomado-sobre-seguridad-social-y-aseguramiento-en-salud\/\">Grad\u00faan profesionales formados en diplomado sobre Seguridad Social y aseguramiento en salud<\/a> se public\u00f3 primero en <a href=\"https:\/\/elnuevodiario.com.do\">El Nuevo Diario (Rep\u00fablica Dominicana)<\/a>.<\/p>\n","protected":false},"excerpt":{"rendered":"EL NUEVO DIARIO, SANTO DOMINGO.- La Direcci\u00f3n General de Informaci\u00f3n y Defensa&hellip;\n","protected":false},"author":1,"featured_media":66920,"comment_status":"open","ping_status":"open","sticky":false,"template":"","format":"standard","meta":{"footnotes":""},"categories":[1],"tags":[],"class_list":["post-66919","post","type-post","status-publish","format-standard","has-post-thumbnail","category-nacionales"],"_links":{"self":[{"href":"https:\/\/acronoticias.com\/index.php\/wp-json\/wp\/v2\/posts\/66919","targetHints":{"allow":["GET"]}}],"collection":[{"href":"https:\/\/acronoticias.com\/index.php\/wp-json\/wp\/v2\/posts"}],"about":[{"href":"https:\/\/acronoticias.com\/index.php\/wp-json\/wp\/v2\/types\/post"}],"author":[{"embeddable":true,"href":"https:\/\/acronoticias.com\/index.php\/wp-json\/wp\/v2\/users\/1"}],"replies":[{"embeddable":true,"href":"https:\/\/acronoticias.com\/index.php\/wp-json\/wp\/v2\/comments?post=66919"}],"version-history":[{"count":0,"href":"https:\/\/acronoticias.com\/index.php\/wp-json\/wp\/v2\/posts\/66919\/revisions"}],"wp:featuredmedia":[{"embeddable":true,"href":"https:\/\/acronoticias.com\/index.php\/wp-json\/wp\/v2\/media\/66920"}],"wp:attachment":[{"href":"https:\/\/acronoticias.com\/index.php\/wp-json\/wp\/v2\/media?parent=66919"}],"wp:term":[{"taxonomy":"category","embeddable":true,"href":"https:\/\/acronoticias.com\/index.php\/wp-json\/wp\/v2\/categories?post=66919"},{"taxonomy":"post_tag","embeddable":true,"href":"https:\/\/acronoticias.com\/index.php\/wp-json\/wp\/v2\/tags?post=66919"}],"curies":[{"name":"wp","href":"https:\/\/api.w.org\/{rel}","templated":true}]}}