{"id":66913,"date":"2026-09-02T19:48:42","date_gmt":"2026-09-02T19:48:42","guid":{"rendered":"https:\/\/acronoticias.com\/index.php\/2026\/09\/02\/turismo-trabaja-en-ordenar-los-destinos-para-establecer-reglas-claras-sobre-donde-se-puede-construir-y-donde-no\/"},"modified":"2026-09-02T19:48:42","modified_gmt":"2026-09-02T19:48:42","slug":"turismo-trabaja-en-ordenar-los-destinos-para-establecer-reglas-claras-sobre-donde-se-puede-construir-y-donde-no","status":"publish","type":"post","link":"https:\/\/acronoticias.com\/index.php\/2026\/09\/02\/turismo-trabaja-en-ordenar-los-destinos-para-establecer-reglas-claras-sobre-donde-se-puede-construir-y-donde-no\/","title":{"rendered":"Turismo trabaja en ordenar los destinos para establecer reglas claras sobre d\u00f3nde se puede construir y d\u00f3nde no"},"content":{"rendered":"<div>\n<div class=\"c-detail__author full\">\n<div>\n<div class=\"c-detail__author__thumb\">\n<figure>\n                                <picture src=\"https:\/\/imagenes.hoy.com.do\/files\/image_square_xs\/uploads\/2025\/11\/07\/690dd0632c2cb.jpeg\" data-size=\"w:40,h:40\">\n                                    <img decoding=\"async\" loading=\"lazy\" alt=\"Lency Alc\u00e1ntara\" width=\"40\" height=\"40\" src=\"https:\/\/imagenes.hoy.com.do\/files\/image_square_xs\/uploads\/2025\/11\/07\/690dd0632c2cb.jpeg\"\/>\n                                <\/picture>\n                                <\/figure>\n<\/div>\n<\/div>\n<\/div>\n<p>                                                                                            <!-- --><\/p>\n<p class=\"paragraph\">Punta Cana. La Altagracia. El ministro de Turismo, David Collado, afirm\u00f3 que se avanza en lograr el ordenamiento territorial de las principales provincias y destinos tur\u00edsticos del pa\u00eds, con planes que buscan establecer reglas claras para las construcciones y organizar toda la cadena de valor vinculada al turismo.<\/p>\n<p class=\"paragraph\">Collado inform\u00f3 que se trabaja en los planes de ordenamiento territorial de<b> La Caleta y Bayahibe en La Romana; el municipio de Puerto Plata, Miches y B\u00e1varo-Punta Cana, en la Altagracia y en Las Terrenas, en Saman\u00e1.<\/b><\/p>\n<figure class=\"c-detail__media \"><figcaption class=\"c-detail__media__txt\">\n<p class=\"c-detail__media__subtitle\">\n<p>        <span class=\"c-detail__media__credit \">Ministro de Turismo, David Collado<\/span><\/p>\n<\/figcaption><\/figure>\n<p class=\"paragraph\"><b>Indic\u00f3 que el plan de B\u00e1varo-Punta Cana ya est\u00e1 en vist<\/b>a p\u00fablica y reconoci\u00f3 que su elaboraci\u00f3n ser\u00e1 dif\u00edcil debido al r\u00e1pido crecimiento del destino y a los intereses encontrados, pero asegur\u00f3 que se realizar\u00e1 mediante consenso y di\u00e1logo.<\/p>\n<p class=\"paragraph\">Se\u00f1al\u00f3 que el objetivo es organizar los destinos tur\u00edsticos para que sean sostenibles en el tiempo, incluyendo aspectos como el transporte, los turoperadores locales, los accesos a las playas y la participaci\u00f3n de los distintos actores de la cadena de valor, desde los taxistas y vendedores de artesan\u00eda hasta los propietarios de restaurantes.<\/p>\n<div class=\"c-detail__box \">\n<article class=\"c-detail__sumario \">\n<figure class=\"c-detail__sumario__thumb\" style=\"display: block;\">\n            <a href=\"#\" title=\"\">\n                <picture data-size=\"w:140,h:140\" loading=\"lazy\" src=\"https:\/\/imagenes.hoy.com.do\/files\/related_image\/uploads\/2026\/08\/21\/6a890de6b8089.jpeg\" data-full-src=\"https:\/\/imagenes.hoy.com.do\/uploads\/2026\/08\/21\/6a890de6b8089.jpeg\">\n                    <img loading=\"lazy\" decoding=\"async\" width=\"140\" height=\"140\" alt=\"El m\u00fasico, compositor, productor y cantante dominicano Ram\u00f3n Orlando Valoy.\" src=\"https:\/\/imagenes.hoy.com.do\/uploads\/2026\/08\/21\/6a890de6b8089.jpeg\"\/>\n                <\/picture>\n            <\/a><br \/>\n        <\/figure>\n<\/article>\n<\/div>\n<p class=\"paragraph\">\u201cTenemos que organizar nuestros destinos tur\u00edsticos para que sean sostenibles en el tiempo. Pero organizarlo todos, desde el taxista, desde el que vende la artesan\u00eda, desde los due\u00f1os de restaurantes\u201d,expres\u00f3 al hablar con periodistas tras la inauguraci\u00f3n de la XXXVIII Exposici\u00f3n Comercial 2026, realizada por la Asociaci\u00f3n de Hoteles y Turismo de la Rep\u00fablica Dominicana, Asonahores.<\/p>\n<p class=\"paragraph\">Collado destac\u00f3 como parte del legado de su gesti\u00f3n se han enfocado en la recuperaci\u00f3n de espacios p\u00fablicos, entre ellos malecones, playas y parques, con el prop\u00f3sito de devolver esos lugares a la poblaci\u00f3n para su uso y disfrute, en los cuales se ha invertido m\u00e1s de RD$3 mil millones en los \u00faltimos a\u00f1os.<\/p>\n<p class=\"paragraph\">Entre las obras mencion\u00f3 la recuperaci\u00f3n, en primera y segunda etapa, del malec\u00f3n de Santo Domingo Este, as\u00ed como los malecones de San Pedro, La Romana, Saman\u00e1, Cabrera y Haina. Tambi\u00e9n cit\u00f3 trabajos en los litorales mar\u00edtimos, como las playas de Sos\u00faa, Los Patos y Quemaitos, en Barahona, Gringo, en Haina, y playa de Nizao, esta \u00faltima ya est\u00e1 lista para ser entregada.<\/p>\n<p class=\"paragraph\">El ministro tambi\u00e9n resalt\u00f3 la recuperaci\u00f3n del parque Boulevard La Caleta, ubicado en la entrada del aeropuerto de Santo Domingo, adem\u00e1s de Guayacanes 1 y 2, Macao, en tres etapas, y Playa Esmeralda.<\/p>\n<p class=\"paragraph\">\u201cLas recuperaciones de los espacios p\u00fablicos son parte del legado que queremos dejar\u201d, afirm\u00f3 Collado, quien defini\u00f3 ese legado como una visi\u00f3n urban\u00edstica orientada a recuperar espacios p\u00fablicos y devolverlos a la poblaci\u00f3n.<\/p>\n<p class=\"paragraph\">En cuanto a las inversiones realizadas en B\u00e1varo-Punta Cana, se\u00f1al\u00f3 que se entreg\u00f3 la avenida Domingo Ma\u00edz, con una inversi\u00f3n de 260 millones de pesos; el Boulevard de Ver\u00f3n, por 430 millones de pesos, y que se ejecuta la carretera de Uvero Alto, con 700 millones de pesos. Tambi\u00e9n mencion\u00f3 el parqueo de Valle Ibe, con una inversi\u00f3n de 250 millones de pesos, as\u00ed como trabajos en las aceras de la Bas\u00edlica, el Boulevard de la V\u00eda Sacra para el turismo religioso y el parque de la Mujer, en Hig\u00fcey.<\/p>\n<p class=\"paragraph\">Collado afirm\u00f3 que en inversiones se han destinado m\u00e1s de 1,600 millones de pesos en B\u00e1varo-Punta Cana y adelant\u00f3 que se trabaja en un proyecto para intervenir las aceras de B\u00e1varo, junto con sistemas de drenaje pluvial.<\/p>\n<p class=\"paragraph\">Sobre la transparencia, Collado la defini\u00f3 como \u201cun legado inquebrantable\u201d de su gesti\u00f3n. Explic\u00f3 que cada obra realizada por el Ministerio de Turismo ha contado con un consejo de veedur\u00eda integrado por cinco universidades, adem\u00e1s de representantes de iglesias.<\/p>\n<p class=\"paragraph\">Destac\u00f3 que las decisiones de promoci\u00f3n internacional han sido adoptadas mediante un comit\u00e9 p\u00fablico-privado que, seg\u00fan afirm\u00f3, se re\u00fane y las toma por unanimidad.<\/p>\n<p class=\"paragraph\">Collado tambi\u00e9n se\u00f1al\u00f3 que otro de los objetivos de su gesti\u00f3n ha sido levantar la marca Rep\u00fablica Dominicana, fortalecer el orgullo por el pa\u00eds y unificar al sector tur\u00edstico.<\/p>\n<p class=\"paragraph\">En materia de educaci\u00f3n, adelant\u00f3 que durante los pr\u00f3ximos meses se invertir\u00e1 en formaci\u00f3n y en una escuela aliada con una escuela de hosteler\u00eda de Europa, con participaci\u00f3n del sector privado en B\u00e1varo-Punta Cana, con el prop\u00f3sito de dejar una escuela para la educaci\u00f3n t\u00e9cnica de los empleados de la zona.<\/p>\n<p class=\"paragraph\">El ministro sostuvo que el crecimiento del turismo tiene un impacto directo en la econom\u00eda local y cit\u00f3 que, seg\u00fan hab\u00eda expresado el gobernador del Banco Central, durante los a\u00f1os 2022, 2023 y 2024 el turismo tuvo bajo sus hombros m\u00e1s del 50 % del crecimiento econ\u00f3mico del pa\u00eds. Agreg\u00f3 que en 2024, cuando la econom\u00eda creci\u00f3 2.9 %, el turismo aport\u00f3 1 % de ese crecimiento<\/p>\n<\/p><\/div>\n","protected":false},"excerpt":{"rendered":"Punta Cana. La Altagracia. El ministro de Turismo, David Collado, afirm\u00f3 que&hellip;\n","protected":false},"author":1,"featured_media":66914,"comment_status":"open","ping_status":"open","sticky":false,"template":"","format":"standard","meta":{"footnotes":""},"categories":[3],"tags":[],"class_list":["post-66913","post","type-post","status-publish","format-standard","has-post-thumbnail","category-internacionales"],"_links":{"self":[{"href":"https:\/\/acronoticias.com\/index.php\/wp-json\/wp\/v2\/posts\/66913","targetHints":{"allow":["GET"]}}],"collection":[{"href":"https:\/\/acronoticias.com\/index.php\/wp-json\/wp\/v2\/posts"}],"about":[{"href":"https:\/\/acronoticias.com\/index.php\/wp-json\/wp\/v2\/types\/post"}],"author":[{"embeddable":true,"href":"https:\/\/acronoticias.com\/index.php\/wp-json\/wp\/v2\/users\/1"}],"replies":[{"embeddable":true,"href":"https:\/\/acronoticias.com\/index.php\/wp-json\/wp\/v2\/comments?post=66913"}],"version-history":[{"count":0,"href":"https:\/\/acronoticias.com\/index.php\/wp-json\/wp\/v2\/posts\/66913\/revisions"}],"wp:featuredmedia":[{"embeddable":true,"href":"https:\/\/acronoticias.com\/index.php\/wp-json\/wp\/v2\/media\/66914"}],"wp:attachment":[{"href":"https:\/\/acronoticias.com\/index.php\/wp-json\/wp\/v2\/media?parent=66913"}],"wp:term":[{"taxonomy":"category","embeddable":true,"href":"https:\/\/acronoticias.com\/index.php\/wp-json\/wp\/v2\/categories?post=66913"},{"taxonomy":"post_tag","embeddable":true,"href":"https:\/\/acronoticias.com\/index.php\/wp-json\/wp\/v2\/tags?post=66913"}],"curies":[{"name":"wp","href":"https:\/\/api.w.org\/{rel}","templated":true}]}}