{"id":66899,"date":"2026-09-02T18:41:37","date_gmt":"2026-09-02T18:41:37","guid":{"rendered":"https:\/\/acronoticias.com\/index.php\/2026\/09\/02\/aneudy-ramirez-cuestiona-actuacion-de-policia-de-nueva-york-tras-muerte-a-tiros-de-mujer-armada-con-cuchillos\/"},"modified":"2026-09-02T18:41:37","modified_gmt":"2026-09-02T18:41:37","slug":"aneudy-ramirez-cuestiona-actuacion-de-policia-de-nueva-york-tras-muerte-a-tiros-de-mujer-armada-con-cuchillos","status":"publish","type":"post","link":"https:\/\/acronoticias.com\/index.php\/2026\/09\/02\/aneudy-ramirez-cuestiona-actuacion-de-policia-de-nueva-york-tras-muerte-a-tiros-de-mujer-armada-con-cuchillos\/","title":{"rendered":"Aneudy Ram\u00edrez cuestiona actuaci\u00f3n de polic\u00eda de Nueva York tras muerte a tiros de mujer armada con cuchillos"},"content":{"rendered":"<p><img loading=\"lazy\" decoding=\"async\" width=\"355\" height=\"200\" src=\"https:\/\/nuevodiario-assets.s3.us-east-2.amazonaws.com\/wp-content\/uploads\/2026\/05\/Aneudy-Ramirez-2-355x200.jpeg\" class=\"webfeedsFeaturedVisual wp-post-image\" alt=\"Aneudy Ram\u00edrez, comunicador. (Foto: El Nuevo Diario)\" style=\"display: block;margin-bottom: 5px;clear:both;max-width: 100%\" \/><\/p>\n<p>Por Carolina Alvarez<\/p>\n<p><strong>EL NUEVO DIARIO, SANTO DOMINGO<\/strong>.\u2014 El comunicador Aneudy Ram\u00edrez, cuestion\u00f3 la actuaci\u00f3n de agentes de la Polic\u00eda de Nueva York durante un incidente en el que una mujer, se\u00f1alada de haber atacado con cuchillos a varias personas en Times Square, fue abatida a tiros por agentes policiales.<\/p>\n<p>Ram\u00edrez expres\u00f3 su indignaci\u00f3n por la manera en que los agentes utilizaron la fuerza letal contra la mujer, que portaba dos armas blancas y hab\u00eda sido vinculada al apu\u00f1alamiento de dos personas, una de las cuales habr\u00eda fallecido.<\/p>\n<p>El comunicador cuestion\u00f3 que los agentes recurrieran a disparos, al considerar que dispon\u00edan de otras alternativas para controlar la situaci\u00f3n. \u201cYo me indigno porque la vida para el ser humano no representa absolutamente nada\u201d, manifest\u00f3.<\/p>\n<p>Sostuvo que, independientemente de los delitos que una persona pueda cometer, corresponde los Estados deben garantizar la vida y posteriormente someterla al debido proceso ante un tribunal. \u201cSin que un juez le conozca sus derechos, sus responsabilidades, que el Estado debe proteger primero la vida de ella, aunque ella haya matado, haya asesinado a otra persona\u201d, expres\u00f3.<\/p>\n<p>En ese sentido, defendi\u00f3 que una persona acusada de cometer un delito debe ser detenida, presentada ante un juez y sometida al proceso judicial correspondiente para determinar su responsabilidad y la pena que corresponda.<\/p>\n<p>Medina cuestion\u00f3 particularmente que la mujer no representaba una amenaza suficiente para justificar el uso de armas de fuego por parte de los agentes. \u201cNo estamos hablando de una terrorista que ten\u00eda una bomba en la mano. Estamos hablando de una se\u00f1ora que ten\u00eda dos cuchillos\u201d, sostuvo.<\/p>\n<p><strong>VER PROGRAMA:\u00a0<\/strong><\/p>\n<div class=\"jetpack-video-wrapper\"><\/div>\n<p>Tambi\u00e9n se\u00f1al\u00f3 que los agentes contaban con armas de fuego y dispositivos de descarga el\u00e9ctrica, por lo que consider\u00f3 que pod\u00edan haberse utilizado otras alternativas antes de recurrir a la fuerza letal.<\/p>\n<p>En el espacio El Nuevo Diario en la Tarde, transmitido por la plataforma digital El Nuevo Diario TV, el comunicador critic\u00f3 la reacci\u00f3n de algunos usuarios en redes sociales que, seg\u00fan dijo, celebraron la muerte de la mujer sin conocer las circunstancias personales o psicol\u00f3gicas que pudieron haber rodeado el incidente. \u201cBien muerta, bien muerta\u201d, cit\u00f3 al referirse a algunos de los comentarios publicados tras el hecho.<\/p>\n<p>\u00abEste tipo de reacciones reflejan una preocupante p\u00e9rdida del valor que la sociedad concede a la vida humana\u00bb, indic\u00f3, al tiempo que insisti\u00f3 en que incluso una persona acusada de asesinato debe enfrentar un proceso judicial y recibir la sanci\u00f3n que establezca la ley.<\/p>\n<p>La entrada <a href=\"https:\/\/elnuevodiario.com.do\/aneudy-ramirez-cuestiona-actuacion-de-policia-de-nueva-york-tras-muerte-a-tiros-de-mujer-armada-con-cuchillos\/\">Aneudy Ram\u00edrez cuestiona actuaci\u00f3n de polic\u00eda de Nueva York tras muerte a tiros de mujer armada con cuchillos<\/a> se public\u00f3 primero en <a href=\"https:\/\/elnuevodiario.com.do\">El Nuevo Diario (Rep\u00fablica Dominicana)<\/a>.<\/p>\n","protected":false},"excerpt":{"rendered":"Por Carolina Alvarez EL NUEVO DIARIO, SANTO DOMINGO.\u2014 El comunicador Aneudy Ram\u00edrez,&hellip;\n","protected":false},"author":1,"featured_media":66900,"comment_status":"open","ping_status":"open","sticky":false,"template":"","format":"standard","meta":{"footnotes":""},"categories":[1],"tags":[],"class_list":["post-66899","post","type-post","status-publish","format-standard","has-post-thumbnail","category-nacionales"],"_links":{"self":[{"href":"https:\/\/acronoticias.com\/index.php\/wp-json\/wp\/v2\/posts\/66899","targetHints":{"allow":["GET"]}}],"collection":[{"href":"https:\/\/acronoticias.com\/index.php\/wp-json\/wp\/v2\/posts"}],"about":[{"href":"https:\/\/acronoticias.com\/index.php\/wp-json\/wp\/v2\/types\/post"}],"author":[{"embeddable":true,"href":"https:\/\/acronoticias.com\/index.php\/wp-json\/wp\/v2\/users\/1"}],"replies":[{"embeddable":true,"href":"https:\/\/acronoticias.com\/index.php\/wp-json\/wp\/v2\/comments?post=66899"}],"version-history":[{"count":0,"href":"https:\/\/acronoticias.com\/index.php\/wp-json\/wp\/v2\/posts\/66899\/revisions"}],"wp:featuredmedia":[{"embeddable":true,"href":"https:\/\/acronoticias.com\/index.php\/wp-json\/wp\/v2\/media\/66900"}],"wp:attachment":[{"href":"https:\/\/acronoticias.com\/index.php\/wp-json\/wp\/v2\/media?parent=66899"}],"wp:term":[{"taxonomy":"category","embeddable":true,"href":"https:\/\/acronoticias.com\/index.php\/wp-json\/wp\/v2\/categories?post=66899"},{"taxonomy":"post_tag","embeddable":true,"href":"https:\/\/acronoticias.com\/index.php\/wp-json\/wp\/v2\/tags?post=66899"}],"curies":[{"name":"wp","href":"https:\/\/api.w.org\/{rel}","templated":true}]}}