{"id":66896,"date":"2026-09-02T18:10:11","date_gmt":"2026-09-02T18:10:11","guid":{"rendered":"https:\/\/acronoticias.com\/index.php\/2026\/09\/02\/escuelas-vocacionales-de-las-ff-aa-y-pn-celebra-primera-edicion-del-premio-lideres-de-impacto\/"},"modified":"2026-09-02T18:10:11","modified_gmt":"2026-09-02T18:10:11","slug":"escuelas-vocacionales-de-las-ff-aa-y-pn-celebra-primera-edicion-del-premio-lideres-de-impacto","status":"publish","type":"post","link":"https:\/\/acronoticias.com\/index.php\/2026\/09\/02\/escuelas-vocacionales-de-las-ff-aa-y-pn-celebra-primera-edicion-del-premio-lideres-de-impacto\/","title":{"rendered":"Escuelas Vocacionales de las FF.AA. y PN celebra primera edici\u00f3n del Premio L\u00edderes de Impacto"},"content":{"rendered":"<p><img decoding=\"async\" width=\"355\" height=\"200\" src=\"https:\/\/nuevodiario-assets.s3.us-east-2.amazonaws.com\/wp-content\/uploads\/2026\/09\/Escuelas-Vocacionales-de-las-FF.AA_.-y-PN-celebra-primera-edicion-del-Premio-Lideres-de-Impacto-4-355x200.jpeg\" class=\"webfeedsFeaturedVisual wp-post-image\" alt=\"\" style=\"display: block;margin-bottom: 5px;clear:both;max-width: 100%\" loading=\"lazy\" \/><\/p>\n<p>EL NUEVO DIARIO, SANTO DOMINGO.\u2013 Estudiantes de las Escuelas Vocacionales de las Fuerzas Armadas y de la Polic\u00eda Nacional (Digev) participaron este mi\u00e9rcoles en la primera edici\u00f3n del Premio L\u00edderes de Impacto 2026, iniciativa que reconoce a j\u00f3venes, l\u00edderes e instituciones por sus aportes en los \u00e1mbitos social, comunitario, educativo, deportivo, cultural y ambiental.<\/p>\n<p>La ceremonia fue encabezada por el director general de la Digev, coronel Jos\u00e9 Ram\u00f3n Reyes Su\u00e1rez, FARD (DGP), quien destac\u00f3 la participaci\u00f3n de los estudiantes de las Escuelas Vocacionales en las seis categor\u00edas contempladas en esta primera edici\u00f3n, seg\u00fan detalla un comunicado de prensa.<\/p>\n<p><img loading=\"lazy\" decoding=\"async\" data-recalc-dims=\"1\" class=\"alignnone wp-image-3262411\" src=\"https:\/\/i0.wp.com\/nuevodiario-assets.s3.us-east-2.amazonaws.com\/wp-content\/uploads\/2026\/09\/Escuelas-Vocacionales-de-las-FF.AA_.-y-PN-celebra-primera-edicion-del-Premio-Lideres-de-Impacto-5.jpeg?resize=640%2C424&quality=100&ssl=1\" alt=\"\" width=\"640\" height=\"424\" \/><\/p>\n<p>Durante sus palabras de bienvenida, Reyes Su\u00e1rez se\u00f1al\u00f3 que las postulaciones reflejan el esfuerzo, la disciplina y el compromiso de j\u00f3venes que buscan aportar a sus comunidades, valores que, seg\u00fan indic\u00f3, forman parte de la preparaci\u00f3n que reciben los estudiantes de las Escuelas Vocacionales.<\/p>\n<p>En el acto, el comit\u00e9 organizador entreg\u00f3 un reconocimiento especial al director de la Digev por su respaldo a iniciativas vinculadas con la juventud, la educaci\u00f3n t\u00e9cnico-profesional y el desarrollo de nuevas generaciones.<\/p>\n<p><img loading=\"lazy\" decoding=\"async\" data-recalc-dims=\"1\" class=\"alignnone wp-image-3262417\" src=\"https:\/\/i0.wp.com\/nuevodiario-assets.s3.us-east-2.amazonaws.com\/wp-content\/uploads\/2026\/09\/Escuelas-Vocacionales-de-las-FF.AA_.-y-PN-celebra-primera-edicion-del-Premio-Lideres-de-Impacto-1.jpeg?resize=640%2C427&quality=100&ssl=1\" alt=\"\" width=\"640\" height=\"427\" \/><\/p>\n<p>Los ganadores de las seis categor\u00edas oficiales fueron Carmen A. Padua, en Liderazgo Social y Comunitario; Jos\u00e9 A. Amador, en Liderazgo en Emprendimiento; Francheska Encarnaci\u00f3n, en Liderazgo Estudiantil Preuniversitario; Mar\u00eda M. Rodr\u00edguez, en Liderazgo Medioambiental; Hiliana M. Encarnaci\u00f3n, en Liderazgo Religioso, y Yundy Soriano, en Liderazgo Cultural.<\/p>\n<p>El M\u00e1ximo Galard\u00f3n Premio L\u00edderes de Impacto 2026 fue otorgado al doctor Edian F. Franco.<\/p>\n<p><img decoding=\"async\" data-recalc-dims=\"1\" loading=\"lazy\" class=\"alignnone wp-image-3262412\" src=\"https:\/\/i0.wp.com\/nuevodiario-assets.s3.us-east-2.amazonaws.com\/wp-content\/uploads\/2026\/09\/Escuelas-Vocacionales-de-las-FF.AA_.-y-PN-celebra-primera-edicion-del-Premio-Lideres-de-Impacto-8.jpeg?resize=640%2C959&quality=100&ssl=1\" alt=\"\" width=\"640\" height=\"959\" \/><\/p>\n<p>\u00a0<\/p>\n<p>\u00a0<\/p>\n<p>Tambi\u00e9n fueron reconocidos de manera especial Anyelo Jes\u00fas Liriano Lizardo, Pen\u00e9lope Polanco D\u00edaz, Perla Peralta, Gregory Aquino, Aema Alc\u00e1ntara, Ram\u00f3n Hern\u00e1ndez (Yeikord), Jehimy Estefany N\u00fa\u00f1ez P\u00e9rez, Marcos Aurelio Aquino Morel, Lia Cristal F\u00e9liz Terrero, las Hermanas Terciarias Capuchinas de la Sagrada Familia e Indira Castro.<\/p>\n<p>El Premio L\u00edderes de Impacto busca reconocer trayectorias vinculadas con el liderazgo, la innovaci\u00f3n, el servicio y el trabajo comunitario.<\/p>\n<p><img decoding=\"async\" data-recalc-dims=\"1\" loading=\"lazy\" class=\"alignnone wp-image-3262414\" src=\"https:\/\/i0.wp.com\/nuevodiario-assets.s3.us-east-2.amazonaws.com\/wp-content\/uploads\/2026\/09\/Escuelas-Vocacionales-de-las-FF.AA_.-y-PN-celebra-primera-edicion-del-Premio-Lideres-de-Impacto-2.jpeg?resize=640%2C480&quality=100&ssl=1\" alt=\"\" width=\"640\" height=\"480\" \/><\/p>\n<p>De acuerdo con la Digev, la participaci\u00f3n de sus estudiantes en la iniciativa permite mostrar las capacidades desarrolladas durante su formaci\u00f3n t\u00e9cnico-vocacional, particularmente en \u00e1reas relacionadas con el liderazgo, el emprendimiento y la preparaci\u00f3n para el mercado laboral.<\/p>\n<p><a href=\"https:\/\/elnuevodiario.com.do\/escuelas-vocacionales-de-las-ff-aa-y-pn-celebra-primera-edicion-del-premio-lideres-de-impacto\/escuelas-vocacionales-de-las-ff-aa-y-pn-celebra-primera-edicion-del-premio-lideres-de-impacto-10\/\"><img decoding=\"async\" data-recalc-dims=\"1\" loading=\"lazy\" width=\"640\" height=\"853\" src=\"https:\/\/i0.wp.com\/nuevodiario-assets.s3.us-east-2.amazonaws.com\/wp-content\/uploads\/2026\/09\/Escuelas-Vocacionales-de-las-FF.AA_.-y-PN-celebra-primera-edicion-del-Premio-Lideres-de-Impacto-10.jpeg?resize=640%2C853&quality=100&ssl=1\" class=\"attachment-full size-full\" alt=\"\" \/><\/a><br \/>\n<a href=\"https:\/\/elnuevodiario.com.do\/escuelas-vocacionales-de-las-ff-aa-y-pn-celebra-primera-edicion-del-premio-lideres-de-impacto\/escuelas-vocacionales-de-las-ff-aa-y-pn-celebra-primera-edicion-del-premio-lideres-de-impacto-4\/\"><img decoding=\"async\" data-recalc-dims=\"1\" loading=\"lazy\" width=\"640\" height=\"426\" src=\"https:\/\/i0.wp.com\/nuevodiario-assets.s3.us-east-2.amazonaws.com\/wp-content\/uploads\/2026\/09\/Escuelas-Vocacionales-de-las-FF.AA_.-y-PN-celebra-primera-edicion-del-Premio-Lideres-de-Impacto-4.jpeg?resize=640%2C426&quality=100&ssl=1\" class=\"attachment-full size-full\" alt=\"\" \/><\/a><br \/>\n<a href=\"https:\/\/elnuevodiario.com.do\/escuelas-vocacionales-de-las-ff-aa-y-pn-celebra-primera-edicion-del-premio-lideres-de-impacto\/escuelas-vocacionales-de-las-ff-aa-y-pn-celebra-primera-edicion-del-premio-lideres-de-impacto-3\/\"><img decoding=\"async\" data-recalc-dims=\"1\" loading=\"lazy\" width=\"640\" height=\"480\" src=\"https:\/\/i0.wp.com\/nuevodiario-assets.s3.us-east-2.amazonaws.com\/wp-content\/uploads\/2026\/09\/Escuelas-Vocacionales-de-las-FF.AA_.-y-PN-celebra-primera-edicion-del-Premio-Lideres-de-Impacto-3.jpeg?resize=640%2C480&quality=100&ssl=1\" class=\"attachment-full size-full\" alt=\"\" \/><\/a><br \/>\n<a href=\"https:\/\/elnuevodiario.com.do\/escuelas-vocacionales-de-las-ff-aa-y-pn-celebra-primera-edicion-del-premio-lideres-de-impacto\/escuelas-vocacionales-de-las-ff-aa-y-pn-celebra-primera-edicion-del-premio-lideres-de-impacto-7\/\"><img decoding=\"async\" data-recalc-dims=\"1\" loading=\"lazy\" width=\"640\" height=\"424\" src=\"https:\/\/i0.wp.com\/nuevodiario-assets.s3.us-east-2.amazonaws.com\/wp-content\/uploads\/2026\/09\/Escuelas-Vocacionales-de-las-FF.AA_.-y-PN-celebra-primera-edicion-del-Premio-Lideres-de-Impacto-7.jpeg?resize=640%2C424&quality=100&ssl=1\" class=\"attachment-full size-full\" alt=\"\" \/><\/a><br \/>\n<a href=\"https:\/\/elnuevodiario.com.do\/escuelas-vocacionales-de-las-ff-aa-y-pn-celebra-primera-edicion-del-premio-lideres-de-impacto\/escuelas-vocacionales-de-las-ff-aa-y-pn-celebra-primera-edicion-del-premio-lideres-de-impacto-9\/\"><img decoding=\"async\" data-recalc-dims=\"1\" loading=\"lazy\" width=\"640\" height=\"427\" src=\"https:\/\/i0.wp.com\/nuevodiario-assets.s3.us-east-2.amazonaws.com\/wp-content\/uploads\/2026\/09\/Escuelas-Vocacionales-de-las-FF.AA_.-y-PN-celebra-primera-edicion-del-Premio-Lideres-de-Impacto-9.jpeg?resize=640%2C427&quality=100&ssl=1\" class=\"attachment-full size-full\" alt=\"\" \/><\/a><br \/>\n<a href=\"https:\/\/elnuevodiario.com.do\/escuelas-vocacionales-de-las-ff-aa-y-pn-celebra-primera-edicion-del-premio-lideres-de-impacto\/escuelas-vocacionales-de-las-ff-aa-y-pn-celebra-primera-edicion-del-premio-lideres-de-impacto-6\/\"><img decoding=\"async\" data-recalc-dims=\"1\" loading=\"lazy\" width=\"640\" height=\"426\" src=\"https:\/\/i0.wp.com\/nuevodiario-assets.s3.us-east-2.amazonaws.com\/wp-content\/uploads\/2026\/09\/Escuelas-Vocacionales-de-las-FF.AA_.-y-PN-celebra-primera-edicion-del-Premio-Lideres-de-Impacto-6.jpeg?resize=640%2C426&quality=100&ssl=1\" class=\"attachment-full size-full\" alt=\"\" \/><\/a><\/p>\n<p>NLP\/<\/p>\n<p>La entrada <a href=\"https:\/\/elnuevodiario.com.do\/escuelas-vocacionales-de-las-ff-aa-y-pn-celebra-primera-edicion-del-premio-lideres-de-impacto\/\">Escuelas Vocacionales de las FF.AA. y PN celebra primera edici\u00f3n del Premio L\u00edderes de Impacto<\/a> se public\u00f3 primero en <a href=\"https:\/\/elnuevodiario.com.do\">El Nuevo Diario (Rep\u00fablica Dominicana)<\/a>.<\/p>\n","protected":false},"excerpt":{"rendered":"EL NUEVO DIARIO, SANTO DOMINGO.\u2013 Estudiantes de las Escuelas Vocacionales de las&hellip;\n","protected":false},"author":1,"featured_media":66897,"comment_status":"open","ping_status":"open","sticky":false,"template":"","format":"standard","meta":{"footnotes":""},"categories":[1],"tags":[],"class_list":["post-66896","post","type-post","status-publish","format-standard","has-post-thumbnail","category-nacionales"],"_links":{"self":[{"href":"https:\/\/acronoticias.com\/index.php\/wp-json\/wp\/v2\/posts\/66896","targetHints":{"allow":["GET"]}}],"collection":[{"href":"https:\/\/acronoticias.com\/index.php\/wp-json\/wp\/v2\/posts"}],"about":[{"href":"https:\/\/acronoticias.com\/index.php\/wp-json\/wp\/v2\/types\/post"}],"author":[{"embeddable":true,"href":"https:\/\/acronoticias.com\/index.php\/wp-json\/wp\/v2\/users\/1"}],"replies":[{"embeddable":true,"href":"https:\/\/acronoticias.com\/index.php\/wp-json\/wp\/v2\/comments?post=66896"}],"version-history":[{"count":0,"href":"https:\/\/acronoticias.com\/index.php\/wp-json\/wp\/v2\/posts\/66896\/revisions"}],"wp:featuredmedia":[{"embeddable":true,"href":"https:\/\/acronoticias.com\/index.php\/wp-json\/wp\/v2\/media\/66897"}],"wp:attachment":[{"href":"https:\/\/acronoticias.com\/index.php\/wp-json\/wp\/v2\/media?parent=66896"}],"wp:term":[{"taxonomy":"category","embeddable":true,"href":"https:\/\/acronoticias.com\/index.php\/wp-json\/wp\/v2\/categories?post=66896"},{"taxonomy":"post_tag","embeddable":true,"href":"https:\/\/acronoticias.com\/index.php\/wp-json\/wp\/v2\/tags?post=66896"}],"curies":[{"name":"wp","href":"https:\/\/api.w.org\/{rel}","templated":true}]}}