{"id":66892,"date":"2026-09-02T17:47:39","date_gmt":"2026-09-02T17:47:39","guid":{"rendered":"https:\/\/acronoticias.com\/index.php\/2026\/09\/02\/toros-anuncian-fecha-de-inicios-entrenamientos-de-pretemporada\/"},"modified":"2026-09-02T17:47:39","modified_gmt":"2026-09-02T17:47:39","slug":"toros-anuncian-fecha-de-inicios-entrenamientos-de-pretemporada","status":"publish","type":"post","link":"https:\/\/acronoticias.com\/index.php\/2026\/09\/02\/toros-anuncian-fecha-de-inicios-entrenamientos-de-pretemporada\/","title":{"rendered":"Toros anuncian fecha de inicios entrenamientos de pretemporada"},"content":{"rendered":"<p><img decoding=\"async\" width=\"355\" height=\"200\" src=\"https:\/\/nuevodiario-assets.s3.us-east-2.amazonaws.com\/wp-content\/uploads\/2026\/09\/unnamed-1-355x200.jpg\" class=\"webfeedsFeaturedVisual wp-post-image\" alt=\"\" style=\"display: block;margin-bottom: 5px;clear:both;max-width: 100%\" loading=\"lazy\" \/><\/p>\n<p>EL NUEVO DIARIO, SANTO DOMINGO. \u2013 Los Toros del Este hicieron el llamado a sus entrenamientos de pretemporada para el lunes 21 de septiembre en el Estadio Francisco Micheli, con el fin de iniciar la preparaci\u00f3n para la temporada 2026-27.<\/p>\n<p>La convocatoria a los jugadores del club romanense fue hecha por Jes\u00fas Mej\u00eda, gerente general de la franquicia, quien recibir\u00e1 a los jugadores en el \u201cCorral\u201d desde las 9:00 de la ma\u00f1ana junto al dirigente V\u00edctor Est\u00e9vez, quien comandar\u00e1 las pr\u00e1cticas.<\/p>\n<p>El llamado hecho por la gerencia taurina es tanto para jugadores de posici\u00f3n como para lanzadores, incluyendo a los que sean seleccionados en el venidero Draft de Novatos LIDOM, que tomar\u00e1 lugar el 9 de septiembre.<\/p>\n<p>Junto al dirigente Est\u00e9vez, estar\u00e1n Jordan Norberto, que encabezar\u00e1 la preparaci\u00f3n de los lanzadores, Ray Willy G\u00f3mez, coach de bateo, as\u00ed como los otros coaches previamente anunciados.<\/p>\n<p>Los Toros tendr\u00e1n tres de sus primeros cuatro compromisos jugando en casa, iniciar\u00e1n la temporada recibiendo a las Estrellas Orientales el D\u00eda Inaugural, el s\u00e1bado 17 de octubre viajar\u00e1n a Santiago, el domingo 18 estar\u00e1n en San Pedro de Macor\u00eds y luego del lunes libre, recibir\u00e1n a las \u00c1guilas y Tigres y martes y mi\u00e9rcoles, respectivamente.<\/p>\n<p>La entrada <a href=\"https:\/\/elnuevodiario.com.do\/toros-anuncian-fecha-de-inicios-entrenamientos-de-pretemporada\/\">Toros anuncian fecha de inicios entrenamientos de pretemporada<\/a> se public\u00f3 primero en <a href=\"https:\/\/elnuevodiario.com.do\">El Nuevo Diario (Rep\u00fablica Dominicana)<\/a>.<\/p>\n","protected":false},"excerpt":{"rendered":"EL NUEVO DIARIO, SANTO DOMINGO. \u2013 Los Toros del Este hicieron el&hellip;\n","protected":false},"author":1,"featured_media":66893,"comment_status":"open","ping_status":"open","sticky":false,"template":"","format":"standard","meta":{"footnotes":""},"categories":[2],"tags":[],"class_list":["post-66892","post","type-post","status-publish","format-standard","has-post-thumbnail","category-deporte"],"_links":{"self":[{"href":"https:\/\/acronoticias.com\/index.php\/wp-json\/wp\/v2\/posts\/66892","targetHints":{"allow":["GET"]}}],"collection":[{"href":"https:\/\/acronoticias.com\/index.php\/wp-json\/wp\/v2\/posts"}],"about":[{"href":"https:\/\/acronoticias.com\/index.php\/wp-json\/wp\/v2\/types\/post"}],"author":[{"embeddable":true,"href":"https:\/\/acronoticias.com\/index.php\/wp-json\/wp\/v2\/users\/1"}],"replies":[{"embeddable":true,"href":"https:\/\/acronoticias.com\/index.php\/wp-json\/wp\/v2\/comments?post=66892"}],"version-history":[{"count":0,"href":"https:\/\/acronoticias.com\/index.php\/wp-json\/wp\/v2\/posts\/66892\/revisions"}],"wp:featuredmedia":[{"embeddable":true,"href":"https:\/\/acronoticias.com\/index.php\/wp-json\/wp\/v2\/media\/66893"}],"wp:attachment":[{"href":"https:\/\/acronoticias.com\/index.php\/wp-json\/wp\/v2\/media?parent=66892"}],"wp:term":[{"taxonomy":"category","embeddable":true,"href":"https:\/\/acronoticias.com\/index.php\/wp-json\/wp\/v2\/categories?post=66892"},{"taxonomy":"post_tag","embeddable":true,"href":"https:\/\/acronoticias.com\/index.php\/wp-json\/wp\/v2\/tags?post=66892"}],"curies":[{"name":"wp","href":"https:\/\/api.w.org\/{rel}","templated":true}]}}