{"id":66890,"date":"2026-09-02T17:46:08","date_gmt":"2026-09-02T17:46:08","guid":{"rendered":"https:\/\/acronoticias.com\/index.php\/2026\/09\/02\/luis-henry-molina-presidente-de-la-suprema-corte-de-justicia-en-el-almuerzo-corripio\/"},"modified":"2026-09-02T17:46:08","modified_gmt":"2026-09-02T17:46:08","slug":"luis-henry-molina-presidente-de-la-suprema-corte-de-justicia-en-el-almuerzo-corripio","status":"publish","type":"post","link":"https:\/\/acronoticias.com\/index.php\/2026\/09\/02\/luis-henry-molina-presidente-de-la-suprema-corte-de-justicia-en-el-almuerzo-corripio\/","title":{"rendered":"Luis Henry Molina, presidente de la Suprema Corte de Justicia en el Almuerzo Corripio"},"content":{"rendered":"<div>\n<div class=\"c-detail__author full\">\n<div>\n<div class=\"c-detail__author__thumb\">\n<figure>\n                                <picture src=\"https:\/\/imagenes.hoy.com.do\/files\/image_square_xs\/uploads\/2025\/11\/18\/691c83859b888.jpeg\" data-size=\"w:40,h:40\">\n                                    <img decoding=\"async\" loading=\"lazy\" alt=\"Melissa Correa\" width=\"40\" height=\"40\" src=\"https:\/\/imagenes.hoy.com.do\/files\/image_square_xs\/uploads\/2025\/11\/18\/691c83859b888.jpeg\"\/>\n                                <\/picture>\n                                <\/figure>\n<\/div>\n<\/div>\n<\/div>\n<p class=\"paragraph\">El <a href=\"https:\/\/x.com\/PeriodicoHoy\">presidente <\/a>de la Suprema Corte de Justicia (SCJ), Luis Henry Molina, encabeza este mi\u00e9rcoles la delegaci\u00f3n del Poder Judicial que participa en el Almuerzo del Grupo Corripio.\u00a0<\/p>\n<p class=\"paragraph\">En este espacio se abordar\u00e1n temas de inter\u00e9s relacionados con la administraci\u00f3n de justicia en el pa\u00eds.<\/p>\n<p class=\"paragraph\">Junto a Molina participaran Nancy Salcedo, segunda sustituta del presidente y jueza de la Segunda Sala de la Suprema Corte de Justicia; Miguelina Ure\u00f1a, jueza de la Primera Sala; \u00c1ngel Brito, director de la Escuela Nacional de la Judicatura y director interino de la Direcci\u00f3n General de Administraci\u00f3n y Carrera Judicial (DGACJ); y Javier Cabreja, coordinador general de Comunicaciones y Asuntos P\u00fablicos.<\/p>\n<p class=\"paragraph\">El encuentro forma parte de los espacios de di\u00e1logo que promueve el Grupo Corripio con representantes de distintos sectores de la sociedad dominicana para analizar asuntos de relevancia nacional.<\/p>\n<div class=\"c-detail__box \">\n<article class=\"c-detail__sumario \">\n<figure class=\"c-detail__sumario__thumb\" style=\"display: block;\">\n            <a href=\"#\" title=\"\">\n                <picture data-size=\"w:140,h:140\" loading=\"lazy\" src=\"https:\/\/imagenes.hoy.com.do\/files\/related_image\/uploads\/2026\/09\/01\/6a977b359d2e1.png\" data-full-src=\"https:\/\/imagenes.hoy.com.do\/uploads\/2026\/09\/01\/6a977b359d2e1.png\">\n                    <img loading=\"lazy\" decoding=\"async\" width=\"140\" height=\"140\" alt=\"Jorge Subero Isa (1997-2011), Mariano Germ\u00e1n Mej\u00eda (2011-2019) y Luis Henry Molina Pe\u00f1a (2019-2026.\" src=\"https:\/\/imagenes.hoy.com.do\/uploads\/2026\/09\/01\/6a977b359d2e1.png\"\/>\n                <\/picture>\n            <\/a><br \/>\n        <\/figure>\n<\/article>\n<\/div>\n<\/div>\n","protected":false},"excerpt":{"rendered":"El presidente de la Suprema Corte de Justicia (SCJ), Luis Henry Molina,&hellip;\n","protected":false},"author":1,"featured_media":66891,"comment_status":"open","ping_status":"open","sticky":false,"template":"","format":"standard","meta":{"footnotes":""},"categories":[3],"tags":[],"class_list":["post-66890","post","type-post","status-publish","format-standard","has-post-thumbnail","category-internacionales"],"_links":{"self":[{"href":"https:\/\/acronoticias.com\/index.php\/wp-json\/wp\/v2\/posts\/66890","targetHints":{"allow":["GET"]}}],"collection":[{"href":"https:\/\/acronoticias.com\/index.php\/wp-json\/wp\/v2\/posts"}],"about":[{"href":"https:\/\/acronoticias.com\/index.php\/wp-json\/wp\/v2\/types\/post"}],"author":[{"embeddable":true,"href":"https:\/\/acronoticias.com\/index.php\/wp-json\/wp\/v2\/users\/1"}],"replies":[{"embeddable":true,"href":"https:\/\/acronoticias.com\/index.php\/wp-json\/wp\/v2\/comments?post=66890"}],"version-history":[{"count":0,"href":"https:\/\/acronoticias.com\/index.php\/wp-json\/wp\/v2\/posts\/66890\/revisions"}],"wp:featuredmedia":[{"embeddable":true,"href":"https:\/\/acronoticias.com\/index.php\/wp-json\/wp\/v2\/media\/66891"}],"wp:attachment":[{"href":"https:\/\/acronoticias.com\/index.php\/wp-json\/wp\/v2\/media?parent=66890"}],"wp:term":[{"taxonomy":"category","embeddable":true,"href":"https:\/\/acronoticias.com\/index.php\/wp-json\/wp\/v2\/categories?post=66890"},{"taxonomy":"post_tag","embeddable":true,"href":"https:\/\/acronoticias.com\/index.php\/wp-json\/wp\/v2\/tags?post=66890"}],"curies":[{"name":"wp","href":"https:\/\/api.w.org\/{rel}","templated":true}]}}