{"id":66880,"date":"2026-09-02T16:46:13","date_gmt":"2026-09-02T16:46:13","guid":{"rendered":"https:\/\/acronoticias.com\/index.php\/2026\/09\/02\/inefi-entrega-utilerias-deportiva-escolar-en-pedernales-y-puerto-plata\/"},"modified":"2026-09-02T16:46:13","modified_gmt":"2026-09-02T16:46:13","slug":"inefi-entrega-utilerias-deportiva-escolar-en-pedernales-y-puerto-plata","status":"publish","type":"post","link":"https:\/\/acronoticias.com\/index.php\/2026\/09\/02\/inefi-entrega-utilerias-deportiva-escolar-en-pedernales-y-puerto-plata\/","title":{"rendered":"Inefi entrega utiler\u00edas deportiva escolar en Pedernales y Puerto Plata"},"content":{"rendered":"<p><img decoding=\"async\" width=\"355\" height=\"200\" src=\"https:\/\/nuevodiario-assets.s3.us-east-2.amazonaws.com\/wp-content\/uploads\/2026\/09\/Alberto-Rodriguez-Mella-junto-a-personaldiades-y-ninos-Foto-Imefi-355x200.jpeg\" class=\"webfeedsFeaturedVisual wp-post-image\" alt=\"\" style=\"display: block;margin-bottom: 5px;clear:both;max-width: 100%\" loading=\"lazy\" \/><\/p>\n<p>EL NUEVO DIARIO, SANTO DOMINGO.- El Instituto Nacional de Educaci\u00f3n F\u00edsica (Inefi) inici\u00f3 el martes la segunda fase de la \u201cGira Nacional de Entrega de Utiler\u00eda Deportiva Escolar\u201d, con la entrega simult\u00e1nea en Pedernales y Puerto Plata para seguir fortaleciendo el deporte escolar.<\/p>\n<p>As\u00ed lo inform\u00f3 el director ejecutivo del Inefi, Alberto Rodr\u00edguez Mella, quien destac\u00f3 que por primera vez en la historia de la instituci\u00f3n todas las regionales educativas del pa\u00eds se ver\u00e1n beneficiadas de utiler\u00eda desde el inicio del a\u00f1o escolar, detalla un comunicado enviado este mi\u00e9rcoles.<\/p>\n<p>Rodr\u00edguez Mella sostuvo que este es el segundo a\u00f1o que la direcci\u00f3n ejecutiva de la instituci\u00f3n que rige el deporte escolar en el pa\u00eds ejecuta este proyecto para buscar con ello que los maestros puedan hacer sus trabajos iniciando el a\u00f1o escolar en sus respectivos planteles escolares.<\/p>\n<figure id=\"attachment_3262242\" aria-describedby=\"caption-attachment-3262242\" style=\"width: 1280px\" class=\"wp-caption alignnone\"><img loading=\"lazy\" decoding=\"async\" data-recalc-dims=\"1\" class=\"size-full wp-image-3262242\" src=\"https:\/\/i0.wp.com\/nuevodiario-assets.s3.us-east-2.amazonaws.com\/wp-content\/uploads\/2026\/09\/Alberto-Rodriguez-Foto-Inefi.jpeg?resize=640%2C360&quality=100&ssl=1\" alt=\"\" width=\"640\" height=\"360\" \/><figcaption id=\"caption-attachment-3262242\" class=\"wp-caption-text\"><strong>Alberto Rodr\u00edguez (Foto: Inefi)<\/strong><\/figcaption><\/figure>\n<p>\u00abCon estas entregas, las capacitaciones, los techados, aulas de psicomotricidad y otras innovaciones, el Inefi busca seguir cumpliendo con este sector\u00bb, manifest\u00f3.<\/p>\n<p>Resalt\u00f3 que la Gira Nacional de Entrega de Utiler\u00eda Deportiva Escolar continuar\u00e1 fortaleciendo la pr\u00e1ctica deportiva en las escuelas, contribuyendo as\u00ed con el desarrollo integral de todos los estudiantes del pa\u00eds.<\/p>\n<p>\u201cCada bal\u00f3n que entregamos, cada malla, y equipo deportivo representa una nueva oportunidad para aprender, compartir, descubrir talentos y fortalecer valores que acompa\u00f1ar\u00e1n a nuestros estudiantes durante toda la vida\u201d, argument\u00f3.<\/p>\n<figure id=\"attachment_3262240\" aria-describedby=\"caption-attachment-3262240\" style=\"width: 1040px\" class=\"wp-caption alignnone\"><img loading=\"lazy\" decoding=\"async\" data-recalc-dims=\"1\" class=\"size-full wp-image-3262240\" src=\"https:\/\/i0.wp.com\/nuevodiario-assets.s3.us-east-2.amazonaws.com\/wp-content\/uploads\/2026\/09\/Utileria-deportiva-escolar-Foto-Inefi.jpeg?resize=640%2C427&quality=100&ssl=1\" alt=\"\" width=\"640\" height=\"427\" \/><figcaption id=\"caption-attachment-3262240\" class=\"wp-caption-text\"><strong>Utiler\u00eda deportiva escolar (Foto: Inefi)<\/strong><\/figcaption><\/figure>\n<p>Resalt\u00f3 que el Inefi sigue recorriendo cada rinc\u00f3n del pa\u00eds porque cree firmemente que, cuando se impulsa el deporte escolar, \u201ctambi\u00e9n impulsamos el futuro de la Rep\u00fablica Dominicana\u201d.<\/p>\n<p>A trav\u00e9s de esta jornada fueron beneficiados centros educativos de la \u201cCiudad Atl\u00e1ntica\u201d y la l\u00ednea fronteriza dot\u00e1ndolos de herramientas esenciales para fortalecer la educaci\u00f3n f\u00edsica, promover h\u00e1bitos saludables y fomentar el desarrollo integral de ni\u00f1os y j\u00f3venes.<\/p>\n<p>Varios centros escolares de la provincia Puerto Plata y Pedernales fueron equipados con \u00fatiles deportivos como balones de baloncesto, voleibol, b\u00e1dminton, tenis de mesa, conos, mallas, cron\u00f3metros, entre otros.<\/p>\n<p>ADDP\/<\/p>\n<p>La entrada <a href=\"https:\/\/elnuevodiario.com.do\/inefi-entrega-utilerias-deportiva-escolar-en-pedernales-y-puerto-plata\/\">Inefi entrega utiler\u00edas deportiva escolar en Pedernales y Puerto Plata<\/a> se public\u00f3 primero en <a href=\"https:\/\/elnuevodiario.com.do\">El Nuevo Diario (Rep\u00fablica Dominicana)<\/a>.<\/p>\n","protected":false},"excerpt":{"rendered":"EL NUEVO DIARIO, SANTO DOMINGO.- El Instituto Nacional de Educaci\u00f3n F\u00edsica (Inefi)&hellip;\n","protected":false},"author":1,"featured_media":66881,"comment_status":"open","ping_status":"open","sticky":false,"template":"","format":"standard","meta":{"footnotes":""},"categories":[2],"tags":[],"class_list":["post-66880","post","type-post","status-publish","format-standard","has-post-thumbnail","category-deporte"],"_links":{"self":[{"href":"https:\/\/acronoticias.com\/index.php\/wp-json\/wp\/v2\/posts\/66880","targetHints":{"allow":["GET"]}}],"collection":[{"href":"https:\/\/acronoticias.com\/index.php\/wp-json\/wp\/v2\/posts"}],"about":[{"href":"https:\/\/acronoticias.com\/index.php\/wp-json\/wp\/v2\/types\/post"}],"author":[{"embeddable":true,"href":"https:\/\/acronoticias.com\/index.php\/wp-json\/wp\/v2\/users\/1"}],"replies":[{"embeddable":true,"href":"https:\/\/acronoticias.com\/index.php\/wp-json\/wp\/v2\/comments?post=66880"}],"version-history":[{"count":0,"href":"https:\/\/acronoticias.com\/index.php\/wp-json\/wp\/v2\/posts\/66880\/revisions"}],"wp:featuredmedia":[{"embeddable":true,"href":"https:\/\/acronoticias.com\/index.php\/wp-json\/wp\/v2\/media\/66881"}],"wp:attachment":[{"href":"https:\/\/acronoticias.com\/index.php\/wp-json\/wp\/v2\/media?parent=66880"}],"wp:term":[{"taxonomy":"category","embeddable":true,"href":"https:\/\/acronoticias.com\/index.php\/wp-json\/wp\/v2\/categories?post=66880"},{"taxonomy":"post_tag","embeddable":true,"href":"https:\/\/acronoticias.com\/index.php\/wp-json\/wp\/v2\/tags?post=66880"}],"curies":[{"name":"wp","href":"https:\/\/api.w.org\/{rel}","templated":true}]}}