{"id":66878,"date":"2026-09-02T16:45:08","date_gmt":"2026-09-02T16:45:08","guid":{"rendered":"https:\/\/acronoticias.com\/index.php\/2026\/09\/02\/padre-de-mujer-ultimada-en-ocoa-ella-recibio-una-llamada-para-que-fuera-a-esa-casa\/"},"modified":"2026-09-02T16:45:08","modified_gmt":"2026-09-02T16:45:08","slug":"padre-de-mujer-ultimada-en-ocoa-ella-recibio-una-llamada-para-que-fuera-a-esa-casa","status":"publish","type":"post","link":"https:\/\/acronoticias.com\/index.php\/2026\/09\/02\/padre-de-mujer-ultimada-en-ocoa-ella-recibio-una-llamada-para-que-fuera-a-esa-casa\/","title":{"rendered":"Padre de mujer ultimada en Ocoa: ella recibi\u00f3 una llamada para que fuera a esa casa"},"content":{"rendered":"<div>\n<div class=\"c-detail__author full\">\n<div>\n<div class=\"c-detail__author__thumb\">\n<figure>\n                                <picture src=\"https:\/\/imagenes.hoy.com.do\/files\/image_square_xs\/uploads\/2026\/02\/24\/699de099400a0.jpeg\" data-size=\"w:40,h:40\">\n                                    <img decoding=\"async\" loading=\"lazy\" alt=\"Ninoska Cuevas\" width=\"40\" height=\"40\" src=\"https:\/\/imagenes.hoy.com.do\/files\/image_square_xs\/uploads\/2026\/02\/24\/699de099400a0.jpeg\"\/>\n                                <\/picture>\n                                <\/figure>\n<\/div>\n<\/div>\n<\/div>\n<p>                                                                                            <!-- --><\/p>\n<p class=\"paragraph\">El padre de <b>Leidy Arianny Soto C\u00e1ceres<\/b>, quien perdi\u00f3 la vida tras recibir varias pu\u00f1aladas a manos de otra mujer en el sector Los Maestros, de San Jos\u00e9 de Ocoa, pidi\u00f3 a las autoridades realizar una investigaci\u00f3n exhaustiva para esclarecer el caso.<\/p>\n<p class=\"paragraph\">Seg\u00fan afirm\u00f3 el padre de la v\u00edctima, su hija fue citada mediante una llamada telef\u00f3nica a la casa donde posteriormente ocurri\u00f3 la tragedia.<\/p>\n<p class=\"paragraph\">\u201c<b>Ella recibi\u00f3 una llamada<\/b> despu\u00e9s que sali\u00f3 de recoger a su ni\u00f1a del CAIPI (Centros de Atenci\u00f3n Integral a la Primera Infancia en la Rep\u00fablica Dominicana), <b>que fuera a esa casa, y no sabemos cu\u00e1l fue la intenci\u00f3n<\/b> de esa llamada, y la justicia debe enfocarse en esa parte e investigar muy bien porque la casa tiene c\u00e1maras y han salido im\u00e1genes\u201d, clamo el se\u00f1or.<\/p>\n<p class=\"paragraph\">Asimismo, sostuvo que Leidy Arianny \u201cviv\u00eda en un constante litigio de llamadas\u201d con su expareja y padre de sus hijos, a quien no identific\u00f3 y se\u00f1al\u00f3 como presunto responsable directo del crimen.<\/p>\n<p class=\"paragraph\">\u201cEn el transcurrir del tiempo, ella viv\u00eda en un constante litigio de llamadas y llamadas con ese hombre. \u00c9l nunca quiso atender el llamado de esa madre para sus ni\u00f1os, no era un padre, como aquellos que lo damos todo por nuestros hijos\u2026<b> La justicia debe hacer su parte importante y darle un seguimiento a \u00e9l como responsable directo de la muerte de mi hija.<\/b> Por los actos y hechos que se cometieron, la justicia que haga su trabajo\u201d, pronunci\u00f3.<\/p>\n<p class=\"paragraph\">Adem\u00e1s, destac\u00f3 que tanto la fallecida como el resto de su familia son personas honorables y que no ten\u00edan problemas con nadie.<\/p>\n<p class=\"paragraph\">\u201cSomos gente honorable, no creo que haya cosas negativas que decir de nosotros\u201d, asegur\u00f3 el padre, al tiempo de lamentar que, con la muerte de su hija, cuatro ni\u00f1os quedan en la orfandad.<\/p>\n<figure class=\"c-detail__media \"><figcaption class=\"c-detail__media__txt\">\n<p class=\"c-detail__media__subtitle\">\n<p>        <span class=\"c-detail__media__credit \">El cad\u00e1ver Leidy Arianny Soto C\u00e1ceres<\/span><span class=\"c-detail__media__author \">Fuente externa<\/span><\/p>\n<\/figcaption><\/figure>\n<h2 id=\"sobre-el-hecho\" class=\"subtitle\">Sobre el hecho<\/h2>\n<p class=\"paragraph\">Por la muerte de la mujer de 34 a\u00f1os, ocurrida la tarde del martes, agentes de la Polic\u00eda Nacional apresaron a Adriana Cuello Minyety, de 20 a\u00f1os.<\/p>\n<p class=\"paragraph\">\u201cDe acuerdo con el informe preliminar de la Divisi\u00f3n de Investigaciones Criminales, el incidente se produjo en la residencia de la expareja de la fallecida, cuando la v\u00edctima se present\u00f3 al lugar. Tras originarse un forcejeo entre ambas mujeres, la agresora le propin\u00f3 las heridas mortales con un cuchillo de aproximadamente seis pulgadas\u201d, dijo la uniformada.<\/p>\n<p class=\"paragraph\">La instituci\u00f3n agreg\u00f3 que la detenida, quien tambi\u00e9n present\u00f3 lesiones f\u00edsicas producto de la pelea, ser\u00e1 puesta a disposici\u00f3n de la justicia a trav\u00e9s del Ministerio P\u00fablico en las pr\u00f3ximas horas, para los fines legales correspondientes.<\/p>\n<p class=\"paragraph\">El cad\u00e1ver de Soto C\u00e1ceres fue enviado al Instituto Nacional de Ciencias Forenses (INACIF) para la realizaci\u00f3n de la autopsia.<\/p>\n<figure class=\"c-detail__media \"><figcaption class=\"c-detail__media__txt\">\n<p class=\"c-detail__media__subtitle\">\n<p>        <span class=\"c-detail__media__credit \">Adriana Cuello Minyety, acusada de matar a Leidy Arianny Soto C\u00e1ceres<\/span><span class=\"c-detail__media__author \">Fuente externa<\/span><\/p>\n<\/figcaption><\/figure>\n<div class=\"c-detail__box \">\n<article class=\"c-detail__sumario \">\n<figure class=\"c-detail__sumario__thumb\" style=\"display: block;\">\n            <a href=\"#\" title=\"\">\n                <picture data-size=\"w:140,h:140\" loading=\"lazy\" src=\"https:\/\/imagenes.hoy.com.do\/files\/related_image\/files\/fp\/uploads\/2026\/09\/02\/6a983b302cd0f.r_d.569-647.jpeg\" data-full-src=\"https:\/\/imagenes.hoy.com.do\/uploads\/2026\/09\/02\/6a983b302cd0f.jpeg\">\n                    <img loading=\"lazy\" decoding=\"async\" width=\"140\" height=\"140\" alt=\"Mujer muere tras ri\u00f1a por motivos sentimentales en San Jos\u00e9 de Ocoa\" src=\"https:\/\/imagenes.hoy.com.do\/uploads\/2026\/09\/02\/6a983b302cd0f.jpeg\"\/>\n                <\/picture>\n            <\/a><br \/>\n        <\/figure>\n<\/article>\n<\/div><\/div>\n","protected":false},"excerpt":{"rendered":"El padre de Leidy Arianny Soto C\u00e1ceres, quien perdi\u00f3 la vida tras&hellip;\n","protected":false},"author":1,"featured_media":66879,"comment_status":"open","ping_status":"open","sticky":false,"template":"","format":"standard","meta":{"footnotes":""},"categories":[3],"tags":[],"class_list":["post-66878","post","type-post","status-publish","format-standard","has-post-thumbnail","category-internacionales"],"_links":{"self":[{"href":"https:\/\/acronoticias.com\/index.php\/wp-json\/wp\/v2\/posts\/66878","targetHints":{"allow":["GET"]}}],"collection":[{"href":"https:\/\/acronoticias.com\/index.php\/wp-json\/wp\/v2\/posts"}],"about":[{"href":"https:\/\/acronoticias.com\/index.php\/wp-json\/wp\/v2\/types\/post"}],"author":[{"embeddable":true,"href":"https:\/\/acronoticias.com\/index.php\/wp-json\/wp\/v2\/users\/1"}],"replies":[{"embeddable":true,"href":"https:\/\/acronoticias.com\/index.php\/wp-json\/wp\/v2\/comments?post=66878"}],"version-history":[{"count":0,"href":"https:\/\/acronoticias.com\/index.php\/wp-json\/wp\/v2\/posts\/66878\/revisions"}],"wp:featuredmedia":[{"embeddable":true,"href":"https:\/\/acronoticias.com\/index.php\/wp-json\/wp\/v2\/media\/66879"}],"wp:attachment":[{"href":"https:\/\/acronoticias.com\/index.php\/wp-json\/wp\/v2\/media?parent=66878"}],"wp:term":[{"taxonomy":"category","embeddable":true,"href":"https:\/\/acronoticias.com\/index.php\/wp-json\/wp\/v2\/categories?post=66878"},{"taxonomy":"post_tag","embeddable":true,"href":"https:\/\/acronoticias.com\/index.php\/wp-json\/wp\/v2\/tags?post=66878"}],"curies":[{"name":"wp","href":"https:\/\/api.w.org\/{rel}","templated":true}]}}