{"id":66876,"date":"2026-09-02T16:35:39","date_gmt":"2026-09-02T16:35:39","guid":{"rendered":"https:\/\/acronoticias.com\/index.php\/2026\/09\/02\/cooperativa-la-telefonica-reconoce-a-101-estudiantes-con-bonos-educativos-por-su-excelencia-academica\/"},"modified":"2026-09-02T16:35:39","modified_gmt":"2026-09-02T16:35:39","slug":"cooperativa-la-telefonica-reconoce-a-101-estudiantes-con-bonos-educativos-por-su-excelencia-academica","status":"publish","type":"post","link":"https:\/\/acronoticias.com\/index.php\/2026\/09\/02\/cooperativa-la-telefonica-reconoce-a-101-estudiantes-con-bonos-educativos-por-su-excelencia-academica\/","title":{"rendered":"Cooperativa La Telef\u00f3nica reconoce a 101 estudiantes con bonos educativos por su excelencia acad\u00e9mica"},"content":{"rendered":"<p><img decoding=\"async\" width=\"355\" height=\"200\" src=\"https:\/\/nuevodiario-assets.s3.us-east-2.amazonaws.com\/wp-content\/uploads\/2026\/09\/CulturA-355x200.jpeg\" class=\"webfeedsFeaturedVisual wp-post-image\" alt=\"\" style=\"display: block;margin-bottom: 5px;clear:both;max-width: 100%\" loading=\"lazy\" \/><\/p>\n<p>EL NUEVO DIARIO, SANTO DOMINGO.- La Cooperativa de Servicios M\u00faltiples La Telef\u00f3nica reconoci\u00f3 a 101 estudiantes hijos de socios de la entidad por su destacado desempe\u00f1o acad\u00e9mico, durante la entrega del Programa de Apoyo Educativo CulturA+ 2026, celebrada en el Auditorio Corporativo de Claro.<\/p>\n<p>Como parte de la iniciativa, cada estudiante recibi\u00f3 un bono de RD$15,000, para una inversi\u00f3n total de RD$1,515,000, aportada por la cooperativa.<\/p>\n<p>Durante el acto, el presidente del Consejo de Administraci\u00f3n de la Cooperativa La Telef\u00f3nica, Guillermo Rotest\u00e1n, resalt\u00f3 la importancia de promover oportunidades educativas para las nuevas generaciones y destac\u00f3 la continuidad del programa por segundo a\u00f1o consecutivo.<\/p>\n<figure id=\"attachment_3262268\" aria-describedby=\"caption-attachment-3262268\" style=\"width: 1600px\" class=\"wp-caption alignnone\"><img loading=\"lazy\" decoding=\"async\" data-recalc-dims=\"1\" class=\"size-full wp-image-3262268\" src=\"https:\/\/i0.wp.com\/nuevodiario-assets.s3.us-east-2.amazonaws.com\/wp-content\/uploads\/2026\/09\/CulturA-3.jpeg?resize=640%2C480&quality=100&ssl=1\" alt=\"\" width=\"640\" height=\"480\" \/><figcaption id=\"caption-attachment-3262268\" class=\"wp-caption-text\"><em><strong>CulturA+. (Foto: Comunicaciones Cooperativa La Telef\u00f3nica)<\/strong><\/em><\/figcaption><\/figure>\n<p>\u00abEn Cooperativa La Telef\u00f3nica creemos firmemente que la educaci\u00f3n es una de las herramientas m\u00e1s poderosas para transformar vidas y la continuidad de este programa durante dos a\u00f1os consecutivos lo demuestra\u00bb, afirm\u00f3 Rotest\u00e1n, seg\u00fan se\u00f1ala una nota de prensa.<\/p>\n<p>El ejecutivo tambi\u00e9n felicit\u00f3 a los estudiantes reconocidos y valor\u00f3 el esfuerzo que hay detr\u00e1s de sus resultados acad\u00e9micos.<\/p>\n<p>\u201cEste reconocimiento va mucho m\u00e1s all\u00e1 de un incentivo econ\u00f3mico. Es un mensaje de admiraci\u00f3n y confianza hacia cada uno de ustedes, j\u00f3venes estudiantes, que con esfuerzo, disciplina y perseverancia han alcanzado la excelencia acad\u00e9mica\u201d, expres\u00f3.<\/p>\n<figure id=\"attachment_3262266\" aria-describedby=\"caption-attachment-3262266\" style=\"width: 1600px\" class=\"wp-caption alignnone\"><img loading=\"lazy\" decoding=\"async\" data-recalc-dims=\"1\" class=\"size-full wp-image-3262266\" src=\"https:\/\/i0.wp.com\/nuevodiario-assets.s3.us-east-2.amazonaws.com\/wp-content\/uploads\/2026\/09\/CultuA1.jpeg?resize=640%2C480&quality=100&ssl=1\" alt=\"\" width=\"640\" height=\"480\" \/><figcaption id=\"caption-attachment-3262266\" class=\"wp-caption-text\"><strong><em>CulturA+. (Foto: Comunicaciones Cooperativa La Telef\u00f3nica)<\/em><\/strong><\/figcaption><\/figure>\n<p>La actividad cont\u00f3 con la participaci\u00f3n de socios de la cooperativa, miembros de sus \u00f3rganos directivos y familiares de los estudiantes reconocidos.<\/p>\n<p>El programa CulturA+ se desarrolla por segundo a\u00f1o consecutivo con el prop\u00f3sito de incentivar la excelencia acad\u00e9mica entre los hijos de los socios de Cooperativa La Telef\u00f3nica y contribuir al bienestar de las familias que forman parte de la entidad.<\/p>\n<p>Con esta iniciativa, la cooperativa reafirma su apuesta por la educaci\u00f3n como herramienta para el desarrollo de las nuevas generaciones y como parte de sus programas orientados al bienestar social de sus asociados y sus familias.<\/p>\n<p><strong>Sobre la Cooperativa La Telef\u00f3nica<\/strong><\/p>\n<p>La Cooperativa de Servicios M\u00faltiples La Telef\u00f3nica, Inc. es una instituci\u00f3n cooperativista que cuenta con m\u00e1s de 100 empresas afiliadas, del sector privado dominicano. Por m\u00e1s de 60 a\u00f1os permanece comprometida con el bienestar econ\u00f3mico y social de sus asociados y sus familias.<\/p>\n<p>La entidad apoya iniciativas en las \u00e1reas de educaci\u00f3n, cultura, salud y deportes, orientadas al desarrollo integral de sus socios y de la comunidad.<\/p>\n<p>La entrada <a href=\"https:\/\/elnuevodiario.com.do\/cooperativa-la-telefonica-reconoce-a-101-estudiantes-con-bonos-educativos-por-su-excelencia-academica\/\">Cooperativa La Telef\u00f3nica reconoce a 101 estudiantes con bonos educativos por su excelencia acad\u00e9mica<\/a> se public\u00f3 primero en <a href=\"https:\/\/elnuevodiario.com.do\">El Nuevo Diario (Rep\u00fablica Dominicana)<\/a>.<\/p>\n","protected":false},"excerpt":{"rendered":"EL NUEVO DIARIO, SANTO DOMINGO.- La Cooperativa de Servicios M\u00faltiples La Telef\u00f3nica&hellip;\n","protected":false},"author":1,"featured_media":66877,"comment_status":"open","ping_status":"open","sticky":false,"template":"","format":"standard","meta":{"footnotes":""},"categories":[1],"tags":[],"class_list":["post-66876","post","type-post","status-publish","format-standard","has-post-thumbnail","category-nacionales"],"_links":{"self":[{"href":"https:\/\/acronoticias.com\/index.php\/wp-json\/wp\/v2\/posts\/66876","targetHints":{"allow":["GET"]}}],"collection":[{"href":"https:\/\/acronoticias.com\/index.php\/wp-json\/wp\/v2\/posts"}],"about":[{"href":"https:\/\/acronoticias.com\/index.php\/wp-json\/wp\/v2\/types\/post"}],"author":[{"embeddable":true,"href":"https:\/\/acronoticias.com\/index.php\/wp-json\/wp\/v2\/users\/1"}],"replies":[{"embeddable":true,"href":"https:\/\/acronoticias.com\/index.php\/wp-json\/wp\/v2\/comments?post=66876"}],"version-history":[{"count":0,"href":"https:\/\/acronoticias.com\/index.php\/wp-json\/wp\/v2\/posts\/66876\/revisions"}],"wp:featuredmedia":[{"embeddable":true,"href":"https:\/\/acronoticias.com\/index.php\/wp-json\/wp\/v2\/media\/66877"}],"wp:attachment":[{"href":"https:\/\/acronoticias.com\/index.php\/wp-json\/wp\/v2\/media?parent=66876"}],"wp:term":[{"taxonomy":"category","embeddable":true,"href":"https:\/\/acronoticias.com\/index.php\/wp-json\/wp\/v2\/categories?post=66876"},{"taxonomy":"post_tag","embeddable":true,"href":"https:\/\/acronoticias.com\/index.php\/wp-json\/wp\/v2\/tags?post=66876"}],"curies":[{"name":"wp","href":"https:\/\/api.w.org\/{rel}","templated":true}]}}